{"id":5025,"date":"2025-06-09T07:49:55","date_gmt":"2025-06-09T07:49:55","guid":{"rendered":"https:\/\/magazinstar.com\/?p=5025"},"modified":"2025-06-10T13:34:44","modified_gmt":"2025-06-10T13:34:44","slug":"cemre-baysel-ayrilik-sonrasi-bodrumda-yeniden-dogdu-tatil-paylasimlari-sosyal-medyayi-salladi","status":"publish","type":"post","link":"https:\/\/magazinstar.com\/index.php\/2025\/06\/09\/cemre-baysel-ayrilik-sonrasi-bodrumda-yeniden-dogdu-tatil-paylasimlari-sosyal-medyayi-salladi\/","title":{"rendered":"Cemre Baysel Ayr\u0131l\u0131k Sonras\u0131 Bodrum\u2019da Yeniden Do\u011fdu! Tatil Payla\u015f\u0131mlar\u0131 Sosyal Medyay\u0131 Sallad\u0131"},"content":{"rendered":"<p data-start=\"264\" data-end=\"541\">Uzun s\u00fcredir g\u00fcndemde olan Cemre Baysel, Ayta\u00e7 \u015ea\u015fmaz ile ya\u015fad\u0131\u011f\u0131 ayr\u0131l\u0131\u011f\u0131n ard\u0131ndan moral bulmak i\u00e7in solu\u011fu Bodrum\u2019da ald\u0131. D\u00f6rt y\u0131ll\u0131k ili\u015fkisinin sona ermesinin ard\u0131ndan, oyuncu sosyal medya hesab\u0131ndan payla\u015ft\u0131\u011f\u0131 ne\u015feli tatil kareleriyle takip\u00e7ilerinin be\u011fenisini toplad\u0131.<\/p>\n<p data-start=\"264\" data-end=\"541\"><img loading=\"lazy\" decoding=\"async\" class=\"alignnone size-medium wp-image-5026\" src=\"https:\/\/magazinstar.com\/wp-content\/uploads\/2025\/06\/3925d06425ee3b4-225x300.webp\" alt=\"\" width=\"225\" height=\"300\" srcset=\"https:\/\/magazinstar.com\/wp-content\/uploads\/2025\/06\/3925d06425ee3b4-225x300.webp 225w, https:\/\/magazinstar.com\/wp-content\/uploads\/2025\/06\/3925d06425ee3b4-769x1024.webp 769w, https:\/\/magazinstar.com\/wp-content\/uploads\/2025\/06\/3925d06425ee3b4-768x1023.webp 768w, https:\/\/magazinstar.com\/wp-content\/uploads\/2025\/06\/3925d06425ee3b4-600x799.webp 600w, https:\/\/magazinstar.com\/wp-content\/uploads\/2025\/06\/3925d06425ee3b4.webp 1080w\" sizes=\"auto, (max-width: 225px) 100vw, 225px\" \/><\/p>\n<p data-start=\"543\" data-end=\"827\">2021 y\u0131l\u0131nda birlikte \u00e7al\u0131\u015ft\u0131klar\u0131 bir dizi setinde ba\u015flayan a\u015fklar\u0131, magazin d\u00fcnyas\u0131n\u0131n en \u00e7ok konu\u015fulan \u00e7iftlerinden biri haline gelmi\u015fti. 2022 y\u0131l\u0131nda k\u0131sa bir ayr\u0131l\u0131k ya\u015fayan \u00e7ift, 2024 y\u0131l\u0131nda bar\u0131\u015farak ili\u015fkilerini s\u00fcrd\u00fcrm\u00fc\u015f ancak bu kez yollar\u0131n\u0131 tamamen ay\u0131rd\u0131klar\u0131 \u00f6\u011frenildi.<\/p>\n<p data-start=\"829\" data-end=\"1113\">Ayr\u0131l\u0131k haberinin ard\u0131ndan Bodrum\u2019a giden Cemre Baysel, burada deniz ve g\u00fcne\u015fin tad\u0131n\u0131 \u00e7\u0131kar\u0131rken Instagram\u2019da payla\u015ft\u0131\u011f\u0131 p\u00f6tikareli bikini pozlar\u0131yla dikkat \u00e7ekti. \u201cG\u00fcne\u015fi yakal\u0131yorum\u201d notuyla payla\u015ft\u0131\u011f\u0131 foto\u011fraflar k\u0131sa s\u00fcrede viral olurken, takip\u00e7ileri taraf\u0131ndan b\u00fcy\u00fck ilgi g\u00f6rd\u00fc.<\/p>\n<p data-start=\"829\" data-end=\"1113\"><img loading=\"lazy\" decoding=\"async\" class=\"alignnone size-medium wp-image-5027\" src=\"https:\/\/magazinstar.com\/wp-content\/uploads\/2025\/06\/c45568a044f7181-225x300.webp\" alt=\"\" width=\"225\" height=\"300\" srcset=\"https:\/\/magazinstar.com\/wp-content\/uploads\/2025\/06\/c45568a044f7181-225x300.webp 225w, https:\/\/magazinstar.com\/wp-content\/uploads\/2025\/06\/c45568a044f7181-769x1024.webp 769w, https:\/\/magazinstar.com\/wp-content\/uploads\/2025\/06\/c45568a044f7181-768x1023.webp 768w, https:\/\/magazinstar.com\/wp-content\/uploads\/2025\/06\/c45568a044f7181-600x799.webp 600w, https:\/\/magazinstar.com\/wp-content\/uploads\/2025\/06\/c45568a044f7181.webp 1080w\" sizes=\"auto, (max-width: 225px) 100vw, 225px\" \/><\/p>\n<p data-start=\"1115\" data-end=\"1391\">Hayranlar\u0131, Baysel\u2019in bu d\u00f6nemde g\u00f6sterdi\u011fi g\u00fc\u00e7l\u00fc ve pozitif duru\u015fu \u00f6vg\u00fcyle kar\u015f\u0131lad\u0131. Bir\u00e7ok yorumda, \u201cAyta\u00e7 bu g\u00fczelli\u011fi nas\u0131l ka\u00e7\u0131rd\u0131?\u201d gibi destekleyici ifadeler yer ald\u0131. Ayr\u0131ca, oyuncunun yeni ba\u015flang\u0131\u00e7lara haz\u0131r oldu\u011fu ve kariyerine odaklanaca\u011f\u0131 mesajlar\u0131 dikkat \u00e7ekti.<\/p>\n<p data-start=\"1393\" data-end=\"1572\">Cemre Baysel\u2019in Bodrum tatili, sosyal medyada pozitif enerjisiyle adeta yeniden do\u011fu\u015f olarak yorumlan\u0131rken, \u00f6n\u00fcm\u00fczdeki d\u00f6nemde hangi projelerde yer alaca\u011f\u0131 ise merakla bekleniyor.<\/p>\n","protected":false},"excerpt":{"rendered":"<p>Uzun s\u00fcredir g\u00fcndemde olan Cemre Baysel, Ayta\u00e7 \u015ea\u015fmaz ile ya\u015fad\u0131\u011f\u0131 ayr\u0131l\u0131\u011f\u0131n ard\u0131ndan moral bulmak i\u00e7in solu\u011fu Bodrum\u2019da ald\u0131. D\u00f6rt y\u0131ll\u0131k ili\u015fkisinin sona ermesinin ard\u0131ndan, oyuncu sosyal medya hesab\u0131ndan payla\u015ft\u0131\u011f\u0131 ne\u015feli tatil kareleriyle takip\u00e7ilerinin be\u011fenisini toplad\u0131. 2021 y\u0131l\u0131nda birlikte \u00e7al\u0131\u015ft\u0131klar\u0131 bir dizi setinde ba\u015flayan a\u015fklar\u0131, magazin d\u00fcnyas\u0131n\u0131n en \u00e7ok konu\u015fulan \u00e7iftlerinden biri haline gelmi\u015fti. 2022 y\u0131l\u0131nda [&hellip;]<\/p>\n","protected":false},"author":5,"featured_media":5028,"comment_status":"open","ping_status":"open","sticky":false,"template":"","format":"standard","meta":{"googlesitekit_rrm_CAowy76-DA:productID":"","footnotes":""},"categories":[72,194],"tags":[190,189],"class_list":["post-5025","post","type-post","status-publish","format-standard","has-post-thumbnail","hentry","category-magazin","category-tum-haberler","tag-bodrum","tag-cemre-baysel"],"_links":{"self":[{"href":"https:\/\/magazinstar.com\/index.php\/wp-json\/wp\/v2\/posts\/5025","targetHints":{"allow":["GET"]}}],"collection":[{"href":"https:\/\/magazinstar.com\/index.php\/wp-json\/wp\/v2\/posts"}],"about":[{"href":"https:\/\/magazinstar.com\/index.php\/wp-json\/wp\/v2\/types\/post"}],"author":[{"embeddable":true,"href":"https:\/\/magazinstar.com\/index.php\/wp-json\/wp\/v2\/users\/5"}],"replies":[{"embeddable":true,"href":"https:\/\/magazinstar.com\/index.php\/wp-json\/wp\/v2\/comments?post=5025"}],"version-history":[{"count":2,"href":"https:\/\/magazinstar.com\/index.php\/wp-json\/wp\/v2\/posts\/5025\/revisions"}],"predecessor-version":[{"id":5030,"href":"https:\/\/magazinstar.com\/index.php\/wp-json\/wp\/v2\/posts\/5025\/revisions\/5030"}],"wp:featuredmedia":[{"embeddable":true,"href":"https:\/\/magazinstar.com\/index.php\/wp-json\/wp\/v2\/media\/5028"}],"wp:attachment":[{"href":"https:\/\/magazinstar.com\/index.php\/wp-json\/wp\/v2\/media?parent=5025"}],"wp:term":[{"taxonomy":"category","embeddable":true,"href":"https:\/\/magazinstar.com\/index.php\/wp-json\/wp\/v2\/categories?post=5025"},{"taxonomy":"post_tag","embeddable":true,"href":"https:\/\/magazinstar.com\/index.php\/wp-json\/wp\/v2\/tags?post=5025"}],"curies":[{"name":"wp","href":"https:\/\/api.w.org\/{rel}","templated":true}]}}