{"id":5049,"date":"2025-06-09T14:58:26","date_gmt":"2025-06-09T14:58:26","guid":{"rendered":"https:\/\/magazinstar.com\/?p=5049"},"modified":"2025-06-10T13:34:44","modified_gmt":"2025-06-10T13:34:44","slug":"kumpas-cannesda-uluslararasi-sahneye-cikti-turk-sinemasina-guclu-temsil","status":"publish","type":"post","link":"https:\/\/magazinstar.com\/index.php\/2025\/06\/09\/kumpas-cannesda-uluslararasi-sahneye-cikti-turk-sinemasina-guclu-temsil\/","title":{"rendered":"Kumpas&#8221; Cannes\u2019da Uluslararas\u0131 Sahneye \u00c7\u0131kt\u0131: T\u00fcrk Sinemas\u0131na G\u00fc\u00e7l\u00fc Temsil"},"content":{"rendered":"<p data-start=\"212\" data-end=\"566\">Y\u00f6netmenli\u011fini ve senaristli\u011fini Kerem Topuz\u2019un \u00fcstlendi\u011fi <em data-start=\"290\" data-end=\"298\">Kumpas<\/em>, 2025 Cannes Film Festivali \u00e7er\u00e7evesinde ger\u00e7ekle\u015ftirilen March\u00e9 du Film (Film Pazar\u0131) kapsam\u0131nda, &#8220;Turkish Cinema 2025&#8221; se\u00e7kisinde yer ald\u0131. Ba\u015frol\u00fcnde Hakan Eksen\u2019in performans\u0131yla dikkat \u00e7eken yap\u0131m, ilk uluslararas\u0131 tan\u0131t\u0131m\u0131n\u0131 bu \u00f6nemli platformda ger\u00e7ekle\u015ftirdi.<\/p>\n<p data-start=\"568\" data-end=\"883\">K\u00fclt\u00fcr ve Turizm Bakanl\u0131\u011f\u0131 Sinema Genel M\u00fcd\u00fcrl\u00fc\u011f\u00fc\u2019n\u00fcn deste\u011fiyle olu\u015fturulan \u00f6zel se\u00e7ki, T\u00fcrk sinemas\u0131n\u0131 d\u00fcnya arenas\u0131nda daha g\u00f6r\u00fcn\u00fcr k\u0131lmay\u0131 hedefliyor. <em data-start=\"723\" data-end=\"731\">Kumpas<\/em>, adalet, iktidar ve bireysel direni\u015f gibi g\u00fc\u00e7l\u00fc temalar\u0131 i\u015fleyen hik\u00e2yesiyle sekt\u00f6rdeki profesyonellerin ve uluslararas\u0131 da\u011f\u0131t\u0131mc\u0131lar\u0131n ilgisini \u00e7ekti.<\/p>\n<p data-start=\"885\" data-end=\"1141\">Kerem Topuz\u2019un anlat\u0131m dili ve vizyonuyla \u015fekillenen film, Cannes\u2019daki bu ilk \u00e7\u0131k\u0131\u015f\u0131yla, k\u00fcresel festival ve da\u011f\u0131t\u0131m yolculu\u011funa sa\u011flam bir ad\u0131m atm\u0131\u015f oldu. Hakan Eksen\u2019in oyunculu\u011fu ise filmdeki dramatik derinli\u011fi peki\u015ftiren unsurlar aras\u0131nda \u00f6ne \u00e7\u0131k\u0131yor.<\/p>\n<p data-start=\"1143\" data-end=\"1295\"><em data-start=\"1143\" data-end=\"1151\">Kumpas<\/em>, T\u00fcrkiye\u2019nin yarat\u0131c\u0131 sinema \u00fcretiminin \u00f6nemli \u00f6rneklerinden biri olarak Cannes\u2019da uluslararas\u0131 sinema \u00e7evrelerinden olumlu geri d\u00f6n\u00fc\u015fler ald\u0131.<\/p>\n","protected":false},"excerpt":{"rendered":"<p>Y\u00f6netmenli\u011fini ve senaristli\u011fini Kerem Topuz\u2019un \u00fcstlendi\u011fi Kumpas, 2025 Cannes Film Festivali \u00e7er\u00e7evesinde ger\u00e7ekle\u015ftirilen March\u00e9 du Film (Film Pazar\u0131) kapsam\u0131nda, &#8220;Turkish Cinema 2025&#8221; se\u00e7kisinde yer ald\u0131. Ba\u015frol\u00fcnde Hakan Eksen\u2019in performans\u0131yla dikkat \u00e7eken yap\u0131m, ilk uluslararas\u0131 tan\u0131t\u0131m\u0131n\u0131 bu \u00f6nemli platformda ger\u00e7ekle\u015ftirdi. K\u00fclt\u00fcr ve Turizm Bakanl\u0131\u011f\u0131 Sinema Genel M\u00fcd\u00fcrl\u00fc\u011f\u00fc\u2019n\u00fcn deste\u011fiyle olu\u015fturulan \u00f6zel se\u00e7ki, T\u00fcrk sinemas\u0131n\u0131 d\u00fcnya arenas\u0131nda daha [&hellip;]<\/p>\n","protected":false},"author":5,"featured_media":5050,"comment_status":"open","ping_status":"open","sticky":false,"template":"","format":"standard","meta":{"googlesitekit_rrm_CAowy76-DA:productID":"","footnotes":""},"categories":[69,194],"tags":[116,191],"class_list":["post-5049","post","type-post","status-publish","format-standard","has-post-thumbnail","hentry","category-kultur-sanat","category-tum-haberler","tag-cannes","tag-kumpas"],"_links":{"self":[{"href":"https:\/\/magazinstar.com\/index.php\/wp-json\/wp\/v2\/posts\/5049","targetHints":{"allow":["GET"]}}],"collection":[{"href":"https:\/\/magazinstar.com\/index.php\/wp-json\/wp\/v2\/posts"}],"about":[{"href":"https:\/\/magazinstar.com\/index.php\/wp-json\/wp\/v2\/types\/post"}],"author":[{"embeddable":true,"href":"https:\/\/magazinstar.com\/index.php\/wp-json\/wp\/v2\/users\/5"}],"replies":[{"embeddable":true,"href":"https:\/\/magazinstar.com\/index.php\/wp-json\/wp\/v2\/comments?post=5049"}],"version-history":[{"count":1,"href":"https:\/\/magazinstar.com\/index.php\/wp-json\/wp\/v2\/posts\/5049\/revisions"}],"predecessor-version":[{"id":5051,"href":"https:\/\/magazinstar.com\/index.php\/wp-json\/wp\/v2\/posts\/5049\/revisions\/5051"}],"wp:featuredmedia":[{"embeddable":true,"href":"https:\/\/magazinstar.com\/index.php\/wp-json\/wp\/v2\/media\/5050"}],"wp:attachment":[{"href":"https:\/\/magazinstar.com\/index.php\/wp-json\/wp\/v2\/media?parent=5049"}],"wp:term":[{"taxonomy":"category","embeddable":true,"href":"https:\/\/magazinstar.com\/index.php\/wp-json\/wp\/v2\/categories?post=5049"},{"taxonomy":"post_tag","embeddable":true,"href":"https:\/\/magazinstar.com\/index.php\/wp-json\/wp\/v2\/tags?post=5049"}],"curies":[{"name":"wp","href":"https:\/\/api.w.org\/{rel}","templated":true}]}}