{"id":5058,"date":"2025-06-10T12:06:18","date_gmt":"2025-06-10T12:06:18","guid":{"rendered":"https:\/\/magazinstar.com\/?p=5058"},"modified":"2025-06-10T13:34:38","modified_gmt":"2025-06-10T13:34:38","slug":"tom-feltondan-jk-rowling-aciklamasi-beni-etkilemiyor-sozu-tepki-cekti","status":"publish","type":"post","link":"https:\/\/magazinstar.com\/index.php\/2025\/06\/10\/tom-feltondan-jk-rowling-aciklamasi-beni-etkilemiyor-sozu-tepki-cekti\/","title":{"rendered":"Tom Felton\u2019dan JK Rowling A\u00e7\u0131klamas\u0131: \u201cBeni Etkilemiyor\u201d S\u00f6z\u00fc Tepki \u00c7ekti"},"content":{"rendered":"<p data-start=\"191\" data-end=\"392\">Harry Potter serisinin Draco Malfoy karakterine hayat veren \u0130ngiliz oyuncu Tom Felton, JK Rowling\u2019in tart\u0131\u015fmal\u0131 trans kar\u015f\u0131t\u0131 g\u00f6r\u00fc\u015fleriyle ilgili yapt\u0131\u011f\u0131 a\u00e7\u0131klamayla sosyal medyada b\u00fcy\u00fck tepki toplad\u0131.<\/p>\n<p data-start=\"394\" data-end=\"671\">2025 Tony \u00d6d\u00fclleri\u2019ne kat\u0131lan ve Broadway\u2019de Kas\u0131m ay\u0131nda sahnelenecek <em data-start=\"465\" data-end=\"500\">Harry Potter and the Cursed Child<\/em> oyununda Draco Malfoy rol\u00fcn\u00fc yeniden canland\u0131rmaya haz\u0131rlanan 37 ya\u015f\u0131ndaki oyuncuya, JK Rowling\u2019in g\u00f6r\u00fc\u015flerinin projelerini veya kendisini etkileyip etkilemedi\u011fi soruldu.<\/p>\n<p data-start=\"673\" data-end=\"1038\">Felton, Variety muhabirinin bu sorusuna \u015fu yan\u0131t\u0131 verdi:<br data-start=\"729\" data-end=\"732\" \/><strong data-start=\"732\" data-end=\"805\">\u201cHay\u0131r, beni etkiledi\u011fini s\u00f6yleyemem. Bu konulara \u00e7ok hakim de\u011filim.\u201d<\/strong><br data-start=\"805\" data-end=\"808\" \/>A\u00e7\u0131klamas\u0131na \u015fu s\u00f6zlerle devam etti:<br data-start=\"844\" data-end=\"847\" \/><strong data-start=\"847\" data-end=\"1038\">\u201cSadece \u015funu biliyorum: Potter sayesinde d\u00fcnyay\u0131 dola\u015fma \u015fans\u0131m oldu ve insanlar\u0131n bir araya geldi\u011fini en \u00e7ok bu seri sayesinde g\u00f6rd\u00fcm. Rowling bunu ba\u015fard\u0131 ve bu y\u00fczden ona minnettar\u0131m.\u201d<\/strong><\/p>\n<p data-start=\"1040\" data-end=\"1268\">Ancak Felton\u2019\u0131n bu a\u00e7\u0131klamalar\u0131, \u00f6zellikle sosyal medyada b\u00fcy\u00fck hayal k\u0131r\u0131kl\u0131\u011f\u0131 yaratt\u0131. Bir\u00e7ok ki\u015fi, Harry Potter serisinin di\u011fer ba\u015frol oyuncular\u0131n\u0131n aksine Felton\u2019\u0131n, Rowling\u2019in g\u00f6r\u00fc\u015flerine a\u00e7\u0131k\u00e7a kar\u015f\u0131 \u00e7\u0131kmamas\u0131n\u0131 ele\u015ftirdi.<\/p>\n<p data-start=\"1270\" data-end=\"1471\">\u00d6zellikle Daniel Radcliffe, Emma Watson ve Rupert Grint gibi isimlerin y\u0131llard\u0131r trans toplulu\u011funa destek veren a\u00e7\u0131klamalarda bulunmalar\u0131, Felton\u2019\u0131n sessiz kalmas\u0131n\u0131 daha da dikkat \u00e7ekici hale getirdi.<\/p>\n<p data-start=\"1473\" data-end=\"1869\">JK Rowling son y\u0131llarda sadece trans bireylerle ilgili de\u011fil, aseks\u00fcel bireyler de dahil olmak \u00fczere farkl\u0131 topluluklara y\u00f6nelik a\u00e7\u0131klamalar\u0131yla da yo\u011fun ele\u015ftiri al\u0131yor. Nisan ay\u0131nda X platformunda payla\u015ft\u0131\u011f\u0131 bir g\u00f6nderide, aseks\u00fcel bireylerle dalga ge\u00e7erek, \u201cBug\u00fcn Uluslararas\u0131 Sahte Bask\u0131 G\u00fcn\u00fc. Kimseyle sevi\u015fmek istemedi\u011fini herkese duyurmak isteyenlere kutlu olsun,\u201d ifadelerini kullanm\u0131\u015ft\u0131.<\/p>\n<p data-start=\"1871\" data-end=\"2023\">Yine k\u0131sa s\u00fcre \u00f6nce, \u201ccinsiyet ele\u015ftirisi\u201d temelli davalara maddi destek sa\u011flamak amac\u0131yla \u201cJK Rowling Women\u2019s Fund\u201d adl\u0131 bir fon kurdu\u011funu a\u00e7\u0131klam\u0131\u015ft\u0131.<\/p>\n<p data-start=\"2025\" data-end=\"2274\">Tom Felton\u2019\u0131n \u201c\u00e7ok da ilgilenmiyorum\u201d \u015feklindeki yakla\u015f\u0131m\u0131, bir\u00e7ok ki\u015fi taraf\u0131ndan \u201cayr\u0131cal\u0131\u011f\u0131n g\u00f6stergesi\u201d ve \u201csorunlar\u0131 g\u00f6rmezden gelme\u201d olarak yorumland\u0131. Sosyal medyada bir kullan\u0131c\u0131, \u201cBu kadar k\u00f6t\u00fc bir yan\u0131t\u0131 g\u00fclerek okudum,\u201d yorumunda bulundu.<\/p>\n<p data-start=\"2276\" data-end=\"2455\">Bir ba\u015fka kullan\u0131c\u0131 ise alayc\u0131 bir \u015fekilde \u015f\u00f6yle yazd\u0131:<br data-start=\"2331\" data-end=\"2334\" \/><strong data-start=\"2334\" data-end=\"2455\">\u201cB\u00f6yle sorular geldi\u011finde bir yere i\u015faret edip \u2018Aaa o da ne?!\u2019 diye ba\u011f\u0131rarak ka\u00e7mak bile daha iyi bir yan\u0131t olurdu.\u201d<\/strong><\/p>\n<p data-start=\"2457\" data-end=\"2728\">Kimi tepkilerde de Felton\u2019\u0131n halen JK Rowling ile \u00e7al\u0131\u015fmaya devam etmesi ele\u015ftirildi:<br data-start=\"2542\" data-end=\"2545\" \/><strong data-start=\"2545\" data-end=\"2728\">\u201cNeredeyse t\u00fcm Harry Potter oyuncular\u0131 yollar\u0131na ba\u015fka projelerle devam etti ama Tom Felton h\u00e2l\u00e2 Draco Malfoy olarak sahneye \u00e7\u0131k\u0131yor ve Rowling\u2019in cebini doldurmaya devam ediyor.\u201d<\/strong><\/p>\n<p data-start=\"2730\" data-end=\"2832\">\u00d6te yandan pek \u00e7ok ki\u015fi, bu vesileyle bir kez daha \u201cTrans haklar\u0131 insan haklar\u0131d\u0131r\u201d mesaj\u0131n\u0131 yineledi.<\/p>\n","protected":false},"excerpt":{"rendered":"<p>Harry Potter serisinin Draco Malfoy karakterine hayat veren \u0130ngiliz oyuncu Tom Felton, JK Rowling\u2019in tart\u0131\u015fmal\u0131 trans kar\u015f\u0131t\u0131 g\u00f6r\u00fc\u015fleriyle ilgili yapt\u0131\u011f\u0131 a\u00e7\u0131klamayla sosyal medyada b\u00fcy\u00fck tepki toplad\u0131. 2025 Tony \u00d6d\u00fclleri\u2019ne kat\u0131lan ve Broadway\u2019de Kas\u0131m ay\u0131nda sahnelenecek Harry Potter and the Cursed Child oyununda Draco Malfoy rol\u00fcn\u00fc yeniden canland\u0131rmaya haz\u0131rlanan 37 ya\u015f\u0131ndaki oyuncuya, JK Rowling\u2019in g\u00f6r\u00fc\u015flerinin projelerini [&hellip;]<\/p>\n","protected":false},"author":5,"featured_media":5059,"comment_status":"open","ping_status":"open","sticky":false,"template":"","format":"standard","meta":{"googlesitekit_rrm_CAowy76-DA:productID":"","footnotes":""},"categories":[73,194],"tags":[193],"class_list":["post-5058","post","type-post","status-publish","format-standard","has-post-thumbnail","hentry","category-haberler","category-tum-haberler","tag-tom-felton"],"_links":{"self":[{"href":"https:\/\/magazinstar.com\/index.php\/wp-json\/wp\/v2\/posts\/5058","targetHints":{"allow":["GET"]}}],"collection":[{"href":"https:\/\/magazinstar.com\/index.php\/wp-json\/wp\/v2\/posts"}],"about":[{"href":"https:\/\/magazinstar.com\/index.php\/wp-json\/wp\/v2\/types\/post"}],"author":[{"embeddable":true,"href":"https:\/\/magazinstar.com\/index.php\/wp-json\/wp\/v2\/users\/5"}],"replies":[{"embeddable":true,"href":"https:\/\/magazinstar.com\/index.php\/wp-json\/wp\/v2\/comments?post=5058"}],"version-history":[{"count":1,"href":"https:\/\/magazinstar.com\/index.php\/wp-json\/wp\/v2\/posts\/5058\/revisions"}],"predecessor-version":[{"id":5060,"href":"https:\/\/magazinstar.com\/index.php\/wp-json\/wp\/v2\/posts\/5058\/revisions\/5060"}],"wp:featuredmedia":[{"embeddable":true,"href":"https:\/\/magazinstar.com\/index.php\/wp-json\/wp\/v2\/media\/5059"}],"wp:attachment":[{"href":"https:\/\/magazinstar.com\/index.php\/wp-json\/wp\/v2\/media?parent=5058"}],"wp:term":[{"taxonomy":"category","embeddable":true,"href":"https:\/\/magazinstar.com\/index.php\/wp-json\/wp\/v2\/categories?post=5058"},{"taxonomy":"post_tag","embeddable":true,"href":"https:\/\/magazinstar.com\/index.php\/wp-json\/wp\/v2\/tags?post=5058"}],"curies":[{"name":"wp","href":"https:\/\/api.w.org\/{rel}","templated":true}]}}