{"id":5063,"date":"2025-06-10T15:40:56","date_gmt":"2025-06-10T15:40:56","guid":{"rendered":"https:\/\/magazinstar.com\/?p=5063"},"modified":"2025-06-10T15:40:56","modified_gmt":"2025-06-10T15:40:56","slug":"almanyada-asiri-sag-asiri-sol-ve-islamcilik-artiyor-2024-anayasa-koruma-raporu-endise-verici-egilimleri-ortaya-koydu","status":"publish","type":"post","link":"https:\/\/magazinstar.com\/index.php\/2025\/06\/10\/almanyada-asiri-sag-asiri-sol-ve-islamcilik-artiyor-2024-anayasa-koruma-raporu-endise-verici-egilimleri-ortaya-koydu\/","title":{"rendered":"Almanya&#8217;da A\u015f\u0131r\u0131 Sa\u011f, A\u015f\u0131r\u0131 Sol ve \u0130slamc\u0131l\u0131k Art\u0131yor: 2024 Anayasa Koruma Raporu Endi\u015fe Verici E\u011filimleri Ortaya Koydu"},"content":{"rendered":"<p class=\"ds-markdown-paragraph\">Almanya\u2019da a\u015f\u0131r\u0131 sa\u011f, a\u015f\u0131r\u0131 sol ve \u0130slamc\u0131l\u0131k taraftarlar\u0131n\u0131n say\u0131s\u0131 artarken, yabanc\u0131 istihbarat servislerinin sabotaj ve casusluk faaliyetleri de \u00fclke g\u00fcvenli\u011fini tehdit ediyor. Federal \u0130\u00e7i\u015fleri Bakan\u0131 Alexander Dobrindt (CSU), 2024 Anayasa Koruma Raporu\u2019nu a\u00e7\u0131klarken, &#8220;Almanya\u2019n\u0131n anayasal d\u00fczeni neredeyse her g\u00fcn sald\u0131r\u0131 alt\u0131nda&#8221; ifadelerini kulland\u0131.<\/p>\n<p class=\"ds-markdown-paragraph\">Raporda \u00f6ne \u00e7\u0131kan verilere g\u00f6re,\u00a0<strong>a\u015f\u0131r\u0131 sa\u011fc\u0131lar\u0131n say\u0131s\u0131 50.250\u2019ye<\/strong>\u00a0(2023\u2019te 40.600),\u00a0<strong>a\u015f\u0131r\u0131 solcular\u0131n say\u0131s\u0131 38.000\u2019e<\/strong>\u00a0(\u00f6nceki y\u0131la g\u00f6re 1.000 art\u0131\u015f),\u00a0<strong>\u0130slamc\u0131lar\u0131n say\u0131s\u0131 ise 28.280\u2019e<\/strong>\u00a0y\u00fckseldi. \u015eiddete e\u011filimli a\u015f\u0131r\u0131 sa\u011fc\u0131lar\u0131n say\u0131s\u0131 15.300, \u0130slamc\u0131 militanlar\u0131n say\u0131s\u0131 ise 9.540 olarak kaydedildi.<\/p>\n<h3><strong>Queer Kar\u015f\u0131t\u0131 Nefret, A\u015f\u0131r\u0131 Sa\u011f\u0131n Temel Par\u00e7as\u0131<\/strong><\/h3>\n<p class=\"ds-markdown-paragraph\">Rapor, ilk kez &#8220;queer kar\u015f\u0131t\u0131 a\u015f\u0131r\u0131 sa\u011f faaliyetlerini&#8221; ayr\u0131 bir ba\u015fl\u0131k alt\u0131nda inceledi. Anayasa Koruma Te\u015fkilat\u0131, bu nefretin a\u015f\u0131r\u0131 sa\u011f ideolojisinin temel unsuru oldu\u011funu belirterek, &#8220;Modern cinsiyet anlay\u0131\u015f\u0131n\u0131 ve aile modellerini reddediyorlar. Irk\u00e7\u0131l\u0131k ve milliyet\u00e7ilikle harmanlanm\u0131\u015f bu bak\u0131\u015f a\u00e7\u0131s\u0131, &#8216;Alman halk\u0131n\u0131n yok olmas\u0131&#8217; gibi komplo teorileriyle besleniyor&#8221; dedi.<\/p>\n<p class=\"ds-markdown-paragraph\">AfD\u2019nin y\u0131llard\u0131r &#8220;halk\u0131n \u00f6l\u00fcm\u00fc&#8221; s\u00f6ylemiyle queer bireylere kar\u015f\u0131 propaganda yapt\u0131\u011f\u0131 vurgulan\u0131rken, Onur Y\u00fcr\u00fcy\u00fc\u015fleri\u2019ne (CSD) y\u00f6nelik sald\u0131r\u0131lar da rapora yans\u0131d\u0131.<\/p>\n<h3><strong>AfD\u2019nin A\u015f\u0131r\u0131 Sa\u011f Potansiyeli \u0130ki Y\u0131lda \u0130kiye Katland\u0131<\/strong><\/h3>\n<p class=\"ds-markdown-paragraph\">A\u015f\u0131r\u0131 sa\u011f potansiyel hesaplamalar\u0131na, &#8220;\u015f\u00fcpheli a\u015f\u0131r\u0131 sa\u011f \u00f6rg\u00fct&#8221; kategorisindeki\u00a0<strong>AfD\u2019nin destek\u00e7ileri de dahil edildi<\/strong>. Partinin \u00fcye say\u0131s\u0131 ve anayasa kar\u015f\u0131t\u0131 s\u00f6ylemlerinin artmas\u0131 nedeniyle, AfD yanl\u0131s\u0131 a\u015f\u0131r\u0131 sa\u011fc\u0131lar\u0131n say\u0131s\u0131\u00a0<strong>20.000\u2019e ula\u015ft\u0131<\/strong>\u00a0\u2013 bu, iki y\u0131lda ya\u015fanan\u00a0<strong>iki katl\u0131k bir art\u0131\u015f<\/strong>\u00a0anlam\u0131na geliyor.<\/p>\n<p class=\"ds-markdown-paragraph\">Ancak Dobrindt, AfD\u2019nin yasaklanmas\u0131na \u015f\u00fcpheyle yakla\u015ft\u0131. May\u0131s ay\u0131nda s\u0131zd\u0131r\u0131lan Anayasa Koruma raporunun &#8220;yasa\u011fa yetecek delil sunmad\u0131\u011f\u0131n\u0131&#8221; s\u00f6yleyerek, &#8220;Yasak i\u00e7in gerekli unsurlar eksik&#8221; dedi. Buna ra\u011fmen SPD, Ye\u015filler ve Sol Parti, AfD\u2019nin yasaklanmas\u0131 \u00e7a\u011fr\u0131lar\u0131n\u0131 s\u00fcrd\u00fcr\u00fcyor.<\/p>\n<h3><strong>Nahost \u00c7at\u0131\u015fmas\u0131, Almanya\u2019da Radikalle\u015fmeyi Tetikledi<\/strong><\/h3>\n<p class=\"ds-markdown-paragraph\">7 Ekim 2023\u2019te Hamas\u2019\u0131n \u0130srail\u2019e sald\u0131r\u0131s\u0131 sonras\u0131 t\u0131rmanan gerilim, Almanya\u2019da\u00a0<strong>hem \u0130slamc\u0131 hem de a\u015f\u0131r\u0131 sol\/sa\u011f gruplar\u0131<\/strong>\u00a0harekete ge\u00e7irdi. 2024\u2019te\u00a0<strong>57.701 a\u015f\u0131r\u0131l\u0131k yanl\u0131s\u0131 su\u00e7<\/strong>\u00a0i\u015flendi (2023\u2019te 39.433). \u00d6zellikle\u00a0<strong>Yahudi kar\u015f\u0131t\u0131 su\u00e7larda patlama<\/strong>\u00a0ya\u015fand\u0131.<\/p>\n<p class=\"ds-markdown-paragraph\">Anayasa Koruma Te\u015fkilat\u0131 Ba\u015fkan Yard\u0131mc\u0131s\u0131 Sinan Selen, &#8220;Gen\u00e7lerin \u00f6zellikle sosyal medyada h\u0131zla radikalle\u015fti\u011fini ve \u015fiddete y\u00f6neldi\u011fini&#8221; vurgulad\u0131.<\/p>\n<h3><strong>Rusya ve \u00c7in\u2019in Siber Sald\u0131r\u0131lar\u0131 Art\u0131yor<\/strong><\/h3>\n<p class=\"ds-markdown-paragraph\">Raporda,\u00a0<strong>Rusya, \u00c7in, \u0130ran ve T\u00fcrkiye\u2019nin<\/strong>\u00a0Almanya\u2019ya y\u00f6nelik siber sald\u0131r\u0131 ve istihbarat faaliyetlerini yo\u011funla\u015ft\u0131rd\u0131\u011f\u0131 belirtildi. Rusya\u2019n\u0131n &#8220;d\u00fc\u015f\u00fck seviyeli ajanlar&#8221; kullanarak k\u0131sa vadeli operasyonlar y\u00fcr\u00fctt\u00fc\u011f\u00fc ifade edildi.<\/p>\n<h3><strong>Dobrindt\u2019in Queer Kar\u015f\u0131t\u0131 Ge\u00e7mi\u015fi Tart\u0131\u015fma Yaratt\u0131<\/strong><\/h3>\n<p class=\"ds-markdown-paragraph\">\u0130\u00e7i\u015fleri Bakan\u0131\u2019n\u0131n queer haklar\u0131na kar\u015f\u0131 tutumu da sorgulan\u0131yor. Ge\u00e7mi\u015fte e\u015fcinsel bireyleri &#8220;yapay az\u0131nl\u0131k&#8221; diye nitelendiren ve e\u015fit evlilik yasas\u0131n\u0131 &#8220;aile d\u00fc\u015fmanl\u0131\u011f\u0131&#8221; olarak tan\u0131mlayan Dobrindt\u2019in, bu nefret s\u00f6ylemiyle m\u00fccadelede ne kadar etkili olaca\u011f\u0131 belirsiz.<\/p>\n","protected":false},"excerpt":{"rendered":"<p>Almanya\u2019da a\u015f\u0131r\u0131 sa\u011f, a\u015f\u0131r\u0131 sol ve \u0130slamc\u0131l\u0131k taraftarlar\u0131n\u0131n say\u0131s\u0131 artarken, yabanc\u0131 istihbarat servislerinin sabotaj ve casusluk faaliyetleri de \u00fclke g\u00fcvenli\u011fini tehdit ediyor. Federal \u0130\u00e7i\u015fleri Bakan\u0131 Alexander Dobrindt (CSU), 2024 Anayasa Koruma Raporu\u2019nu a\u00e7\u0131klarken, &#8220;Almanya\u2019n\u0131n anayasal d\u00fczeni neredeyse her g\u00fcn sald\u0131r\u0131 alt\u0131nda&#8221; ifadelerini kulland\u0131. Raporda \u00f6ne \u00e7\u0131kan verilere g\u00f6re,\u00a0a\u015f\u0131r\u0131 sa\u011fc\u0131lar\u0131n say\u0131s\u0131 50.250\u2019ye\u00a0(2023\u2019te 40.600),\u00a0a\u015f\u0131r\u0131 solcular\u0131n say\u0131s\u0131 38.000\u2019e\u00a0(\u00f6nceki [&hellip;]<\/p>\n","protected":false},"author":5,"featured_media":5064,"comment_status":"open","ping_status":"open","sticky":false,"template":"","format":"standard","meta":{"googlesitekit_rrm_CAowy76-DA:productID":"","footnotes":""},"categories":[73,194],"tags":[142,101],"class_list":["post-5063","post","type-post","status-publish","format-standard","has-post-thumbnail","hentry","category-haberler","category-tum-haberler","tag-almanya","tag-queer"],"_links":{"self":[{"href":"https:\/\/magazinstar.com\/index.php\/wp-json\/wp\/v2\/posts\/5063","targetHints":{"allow":["GET"]}}],"collection":[{"href":"https:\/\/magazinstar.com\/index.php\/wp-json\/wp\/v2\/posts"}],"about":[{"href":"https:\/\/magazinstar.com\/index.php\/wp-json\/wp\/v2\/types\/post"}],"author":[{"embeddable":true,"href":"https:\/\/magazinstar.com\/index.php\/wp-json\/wp\/v2\/users\/5"}],"replies":[{"embeddable":true,"href":"https:\/\/magazinstar.com\/index.php\/wp-json\/wp\/v2\/comments?post=5063"}],"version-history":[{"count":1,"href":"https:\/\/magazinstar.com\/index.php\/wp-json\/wp\/v2\/posts\/5063\/revisions"}],"predecessor-version":[{"id":5065,"href":"https:\/\/magazinstar.com\/index.php\/wp-json\/wp\/v2\/posts\/5063\/revisions\/5065"}],"wp:featuredmedia":[{"embeddable":true,"href":"https:\/\/magazinstar.com\/index.php\/wp-json\/wp\/v2\/media\/5064"}],"wp:attachment":[{"href":"https:\/\/magazinstar.com\/index.php\/wp-json\/wp\/v2\/media?parent=5063"}],"wp:term":[{"taxonomy":"category","embeddable":true,"href":"https:\/\/magazinstar.com\/index.php\/wp-json\/wp\/v2\/categories?post=5063"},{"taxonomy":"post_tag","embeddable":true,"href":"https:\/\/magazinstar.com\/index.php\/wp-json\/wp\/v2\/tags?post=5063"}],"curies":[{"name":"wp","href":"https:\/\/api.w.org\/{rel}","templated":true}]}}