{"id":5074,"date":"2025-06-10T17:36:47","date_gmt":"2025-06-10T17:36:47","guid":{"rendered":"https:\/\/magazinstar.com\/?p=5074"},"modified":"2025-06-10T17:36:47","modified_gmt":"2025-06-10T17:36:47","slug":"ab-adalet-divanindan-tarihi-karar-polonyadaki-queer-ayrimciligi-yasadisi","status":"publish","type":"post","link":"https:\/\/magazinstar.com\/index.php\/2025\/06\/10\/ab-adalet-divanindan-tarihi-karar-polonyadaki-queer-ayrimciligi-yasadisi\/","title":{"rendered":"AB Adalet Divan\u0131&#8217;ndan Tarihi Karar: Polonya&#8217;daki Queer Ayr\u0131mc\u0131l\u0131\u011f\u0131 Yasad\u0131\u015f\u0131"},"content":{"rendered":"<p>Avrupa Birli\u011fi Adalet Divan\u0131 (ABAD), Polonya&#8217;da bir e\u015fcinsel video edit\u00f6r\u00fcne y\u00f6nelik i\u015ften \u00e7\u0131karman\u0131n\u00a0<strong>AB ayr\u0131mc\u0131l\u0131k yasa\u011f\u0131n\u0131 ihlal etti\u011fine<\/strong>\u00a0h\u00fckmetti.<\/p>\n<p class=\"ds-markdown-paragraph\">Polonyal\u0131 yay\u0131n kurulu\u015fu, \u00e7al\u0131\u015fan\u0131n\u0131n YouTube&#8217;da e\u015fcinsel ili\u015fkisini payla\u015fmas\u0131 \u00fczerine i\u015fbirli\u011fini sonland\u0131rd\u0131.<\/p>\n<p class=\"ds-markdown-paragraph\">ABAD, bunun\u00a0<strong>&#8220;cinsel y\u00f6nelim temelli ayr\u0131mc\u0131l\u0131k&#8221;<\/strong>\u00a0oldu\u011funu vurgulad\u0131.<\/p>\n<p class=\"ds-markdown-paragraph\">Karar, Polonya&#8217;n\u0131n\u00a0<strong>&#8220;LGBT\u0130Q+ kar\u015f\u0131t\u0131 b\u00f6lgeler&#8221;<\/strong>\u00a0politikas\u0131n\u0131n 2023&#8217;teki iptalinden sonra\u00a0<strong>ikinci b\u00fcy\u00fck yenilgisi oldu.<\/strong>AB \u00fcyesi \u00fclkeler,\u00a0<strong>i\u015f hukukunda e\u015fitlik ilkesine uymak zorunda.<\/strong><\/p>\n<h3><strong>T\u00fcrkiye&#8217;ye Yans\u0131malar<\/strong><\/h3>\n<p class=\"ds-markdown-paragraph\">T\u00fcrkiye&#8217;de de benzer davalarda\u00a0<strong>\u0130stanbul S\u00f6zle\u015fmesi ve Anayasa&#8217;n\u0131n e\u015fitlik maddeleri<\/strong>\u00a0gerek\u00e7e g\u00f6steriliyor, ancak uygulamada ayr\u0131mc\u0131l\u0131k devam ediyor.Bu karar,\u00a0<strong>AB&#8217;nin LGBT\u0130Q+ haklar\u0131ndaki tutarl\u0131 duru\u015funu<\/strong>\u00a0peki\u015ftiriyor. T\u00fcrkiye&#8217;nin de uluslararas\u0131 y\u00fck\u00fcml\u00fcl\u00fcklerini hat\u0131rlamas\u0131 gerekiyor.&#8221;<\/p>\n<div class=\"dad65929\">\n<div class=\"_4f9bf79 d7dc56a8 _43c05b5\">\n<div class=\"ds-markdown ds-markdown--block\">\n<p class=\"ds-markdown-paragraph\">Dava, Polonya&#8217;n\u0131n AB fonlar\u0131n\u0131 kaybetme riskini art\u0131ran yeni bir kriz yaratt\u0131.<\/p>\n<\/div>\n<div class=\"ds-flex\">\n<div class=\"ds-flex _965abe9\">\n<div class=\"ds-icon-button\" tabindex=\"0\">\n<div class=\"ds-icon\"><\/div>\n<\/div>\n<div class=\"ds-icon-button\" tabindex=\"0\">\n<div class=\"ds-icon\"><\/div>\n<\/div>\n<div class=\"ds-icon-button\" tabindex=\"0\">\n<div class=\"ds-icon\"><\/div>\n<\/div>\n<div class=\"ds-icon-button\" tabindex=\"0\">\n<div class=\"ds-icon\"><\/div>\n<\/div>\n<\/div>\n<div><\/div>\n<\/div>\n<\/div>\n<\/div>\n<div class=\"_88681e8\">\n<div class=\"_217e214\"><\/div>\n<\/div>\n","protected":false},"excerpt":{"rendered":"<p>Avrupa Birli\u011fi Adalet Divan\u0131 (ABAD), Polonya&#8217;da bir e\u015fcinsel video edit\u00f6r\u00fcne y\u00f6nelik i\u015ften \u00e7\u0131karman\u0131n\u00a0AB ayr\u0131mc\u0131l\u0131k yasa\u011f\u0131n\u0131 ihlal etti\u011fine\u00a0h\u00fckmetti. Polonyal\u0131 yay\u0131n kurulu\u015fu, \u00e7al\u0131\u015fan\u0131n\u0131n YouTube&#8217;da e\u015fcinsel ili\u015fkisini payla\u015fmas\u0131 \u00fczerine i\u015fbirli\u011fini sonland\u0131rd\u0131. ABAD, bunun\u00a0&#8220;cinsel y\u00f6nelim temelli ayr\u0131mc\u0131l\u0131k&#8221;\u00a0oldu\u011funu vurgulad\u0131. Karar, Polonya&#8217;n\u0131n\u00a0&#8220;LGBT\u0130Q+ kar\u015f\u0131t\u0131 b\u00f6lgeler&#8221;\u00a0politikas\u0131n\u0131n 2023&#8217;teki iptalinden sonra\u00a0ikinci b\u00fcy\u00fck yenilgisi oldu.AB \u00fcyesi \u00fclkeler,\u00a0i\u015f hukukunda e\u015fitlik ilkesine uymak zorunda. T\u00fcrkiye&#8217;ye Yans\u0131malar T\u00fcrkiye&#8217;de de [&hellip;]<\/p>\n","protected":false},"author":5,"featured_media":5075,"comment_status":"open","ping_status":"open","sticky":false,"template":"","format":"standard","meta":{"googlesitekit_rrm_CAowy76-DA:productID":"","footnotes":""},"categories":[73,194],"tags":[197,196,101],"class_list":["post-5074","post","type-post","status-publish","format-standard","has-post-thumbnail","hentry","category-haberler","category-tum-haberler","tag-avrupa-birligi","tag-polonya","tag-queer"],"_links":{"self":[{"href":"https:\/\/magazinstar.com\/index.php\/wp-json\/wp\/v2\/posts\/5074","targetHints":{"allow":["GET"]}}],"collection":[{"href":"https:\/\/magazinstar.com\/index.php\/wp-json\/wp\/v2\/posts"}],"about":[{"href":"https:\/\/magazinstar.com\/index.php\/wp-json\/wp\/v2\/types\/post"}],"author":[{"embeddable":true,"href":"https:\/\/magazinstar.com\/index.php\/wp-json\/wp\/v2\/users\/5"}],"replies":[{"embeddable":true,"href":"https:\/\/magazinstar.com\/index.php\/wp-json\/wp\/v2\/comments?post=5074"}],"version-history":[{"count":1,"href":"https:\/\/magazinstar.com\/index.php\/wp-json\/wp\/v2\/posts\/5074\/revisions"}],"predecessor-version":[{"id":5076,"href":"https:\/\/magazinstar.com\/index.php\/wp-json\/wp\/v2\/posts\/5074\/revisions\/5076"}],"wp:featuredmedia":[{"embeddable":true,"href":"https:\/\/magazinstar.com\/index.php\/wp-json\/wp\/v2\/media\/5075"}],"wp:attachment":[{"href":"https:\/\/magazinstar.com\/index.php\/wp-json\/wp\/v2\/media?parent=5074"}],"wp:term":[{"taxonomy":"category","embeddable":true,"href":"https:\/\/magazinstar.com\/index.php\/wp-json\/wp\/v2\/categories?post=5074"},{"taxonomy":"post_tag","embeddable":true,"href":"https:\/\/magazinstar.com\/index.php\/wp-json\/wp\/v2\/tags?post=5074"}],"curies":[{"name":"wp","href":"https:\/\/api.w.org\/{rel}","templated":true}]}}