{"id":5083,"date":"2025-06-11T08:52:35","date_gmt":"2025-06-11T08:52:35","guid":{"rendered":"https:\/\/magazinstar.com\/?p=5083"},"modified":"2025-06-11T09:02:37","modified_gmt":"2025-06-11T09:02:37","slug":"provokativer-x-beitrag-eines-islamistischen-asylbewerbers","status":"publish","type":"post","link":"https:\/\/magazinstar.com\/index.php\/2025\/06\/11\/provokativer-x-beitrag-eines-islamistischen-asylbewerbers\/","title":{"rendered":"Provokativer X-Beitrag eines islamistischen Asylbewerbers"},"content":{"rendered":"<p>Ein islamistischer Asylbewerber verspottete Deutschland unmittelbar nach Erhalt seines deutschen Passes:<br data-start=\"152\" data-end=\"155\" \/>\u201eIhr seid hilflos, wir haben euer Land erobert. Das System geh\u00f6rt uns, alles geh\u00f6rt uns, alles liegt uns zu F\u00fc\u00dfen! Jetzt herrschen wir \u2013 und ihr k\u00f6nnt absolut nichts dagegen tun!<\/p>\n<p>Ja , Eigentlich gibt es so viel zu sagen. Warum erteilt das BAMF in Deutschland solchen Menschen eine Aufenthaltserlaubnis und erkennt deren Asylantr\u00e4ge an? Und das ist kein Einzelfall \u2013 es gibt viele solcher F\u00e4lle. Zahlreiche Personen, die sich nie an Europa oder die europ\u00e4ische Kultur anpassen wollten und diese auch nicht akzeptieren, bekommen dennoch eine Aufenthaltserlaubnis in Deutschland.<\/p>\n<p data-start=\"443\" data-end=\"887\">Ist Integration nur das Erlernen der Sprache? Die wahre Integration bedeutet doch, sich an die Kultur des Aufnahmelandes anzupassen. Solche Menschen bekommen Aufenthaltstitel und genau deshalb haben sie auch die Motivation, die Sprache zu lernen \u2013 weil ihr Aufenthalt sicher ist. Aber wie soll ein Asylsuchender, der st\u00e4ndig von Abschiebung bedroht ist, in so einer psychischen Lage Motivation zur Integration oder zum Deutschlernen aufbringen?<\/p>\n<p data-start=\"889\" data-end=\"1152\">Es gibt wirklich gro\u00dfe Ungerechtigkeiten. Moderne, gebildete, harmlose Menschen, die einen Aufenthalt wirklich verdienen, bekommen ihn nicht \u2013 so wie wir. Stattdessen bekommen Personen wie in dem Video eine Aufenthaltserlaubnis. Ich bin ehrlich gesagt schockiert.<\/p>\n<p data-start=\"1154\" data-end=\"1400\">Wir sind ein zivilisiertes, kultiviertes, unsch\u00e4dliches LGBTQ-Paar, das in die europ\u00e4ische Kultur passt \u2013 und dennoch hat das BAMF uns abgelehnt. Wir sind harmlos im Vergleich zu der Person im Video, aber wir werden nicht gewollt. Ist das normal?<\/p>\n<p data-start=\"1402\" data-end=\"1573\">Es ist an der Zeit, dass Aufenthaltstitel und Asylentscheidungen profilbasiert erfolgen. Menschen, die zur europ\u00e4ischen Kultur geh\u00f6ren, sollten bevorzugt anerkannt werden.<\/p>\n<p data-start=\"1402\" data-end=\"1573\">Link zur Quelle :\u00a0<a href=\"https:\/\/x.com\/realMaalouf\/status\/1930348741703414125?t=LeC6g3A7gpBsmU-YAHI_GA&amp;s=19\">https:\/\/x.com\/realMaalouf\/status\/1930348741703414125?t=LeC6g3A7gpBsmU-YAHI_GA&amp;s=19<\/a><\/p>\n<p data-start=\"1402\" data-end=\"1573\">\u0130lya Tila<\/p>\n<p><iframe loading=\"lazy\" title=\"Provokativer X-Beitrag eines islamistischen Asylbewerbers\" width=\"640\" height=\"480\" src=\"https:\/\/www.youtube.com\/embed\/PsNaEsmYigQ?feature=oembed\" frameborder=\"0\" allow=\"accelerometer; autoplay; clipboard-write; encrypted-media; gyroscope; picture-in-picture; web-share\" referrerpolicy=\"strict-origin-when-cross-origin\" allowfullscreen><\/iframe><\/p>\n","protected":false},"excerpt":{"rendered":"<p>Ein islamistischer Asylbewerber verspottete Deutschland unmittelbar nach Erhalt seines deutschen Passes:\u201eIhr seid hilflos, wir haben euer Land erobert. Das System geh\u00f6rt uns, alles geh\u00f6rt uns, alles liegt uns zu F\u00fc\u00dfen! Jetzt herrschen wir \u2013 und ihr k\u00f6nnt absolut nichts dagegen tun! Ja , Eigentlich gibt es so viel zu sagen. Warum erteilt das BAMF in [&hellip;]<\/p>\n","protected":false},"author":5,"featured_media":5084,"comment_status":"open","ping_status":"open","sticky":false,"template":"","format":"standard","meta":{"googlesitekit_rrm_CAowy76-DA:productID":"","footnotes":""},"categories":[71,194],"tags":[152,202,148,199,200,94,201,83,101],"class_list":["post-5083","post","type-post","status-publish","format-standard","has-post-thumbnail","hentry","category-queer-voice","category-tum-haberler","tag-asyl","tag-asylewerber","tag-bamf","tag-berlin","tag-cologne","tag-hamburg","tag-koln","tag-lgbtq","tag-queer"],"_links":{"self":[{"href":"https:\/\/magazinstar.com\/index.php\/wp-json\/wp\/v2\/posts\/5083","targetHints":{"allow":["GET"]}}],"collection":[{"href":"https:\/\/magazinstar.com\/index.php\/wp-json\/wp\/v2\/posts"}],"about":[{"href":"https:\/\/magazinstar.com\/index.php\/wp-json\/wp\/v2\/types\/post"}],"author":[{"embeddable":true,"href":"https:\/\/magazinstar.com\/index.php\/wp-json\/wp\/v2\/users\/5"}],"replies":[{"embeddable":true,"href":"https:\/\/magazinstar.com\/index.php\/wp-json\/wp\/v2\/comments?post=5083"}],"version-history":[{"count":4,"href":"https:\/\/magazinstar.com\/index.php\/wp-json\/wp\/v2\/posts\/5083\/revisions"}],"predecessor-version":[{"id":5089,"href":"https:\/\/magazinstar.com\/index.php\/wp-json\/wp\/v2\/posts\/5083\/revisions\/5089"}],"wp:featuredmedia":[{"embeddable":true,"href":"https:\/\/magazinstar.com\/index.php\/wp-json\/wp\/v2\/media\/5084"}],"wp:attachment":[{"href":"https:\/\/magazinstar.com\/index.php\/wp-json\/wp\/v2\/media?parent=5083"}],"wp:term":[{"taxonomy":"category","embeddable":true,"href":"https:\/\/magazinstar.com\/index.php\/wp-json\/wp\/v2\/categories?post=5083"},{"taxonomy":"post_tag","embeddable":true,"href":"https:\/\/magazinstar.com\/index.php\/wp-json\/wp\/v2\/tags?post=5083"}],"curies":[{"name":"wp","href":"https:\/\/api.w.org\/{rel}","templated":true}]}}