{"id":5090,"date":"2025-06-11T10:20:26","date_gmt":"2025-06-11T10:20:26","guid":{"rendered":"https:\/\/magazinstar.com\/?p=5090"},"modified":"2025-06-11T10:20:26","modified_gmt":"2025-06-11T10:20:26","slug":"ehliyette-iq-79-kriteri","status":"publish","type":"post","link":"https:\/\/magazinstar.com\/index.php\/2025\/06\/11\/ehliyette-iq-79-kriteri\/","title":{"rendered":"Ehliyette &#8216;IQ 79&#8217; kriteri"},"content":{"rendered":"<div class=\"detail-cover news-detail-cover col-lg-18\">\n<div class=\"cover-spot\">\n<h2 class=\"news-detail-cover-spot\">Ehliyet alacaklara IQ(zek\u00e2) testi getirilmesi planlan\u0131yor. S\u00fcr\u00fcc\u00fc Adaylar\u0131 ve S\u00fcr\u00fcc\u00fclerde Aranacak Sa\u011fl\u0131k \u015eartlar\u0131 ile Muayenelerine Dair Y\u00f6netmelik&#8217;te IQ seviyesi 79&#8217;un alt\u0131nda olan bireyler ehliyet alamayacak.<\/h2>\n<\/div>\n<\/div>\n<div class=\"detail-pho-content news-detail-content col-lg-18\">\n<div id=\"dynamic-context\" class=\"toc-target\">\n<div class=\"content-cards\">\n<div class=\"x-news-detail-content-card\">\n<p class=\"non-card\" data-card-id=\"91cfbf1f-7629-4457-36bd-8b34c5f2b0a4\" data-card-type=\"Text\">D\u00fczenlemeye g\u00f6re, zek\u00e2 gerili\u011fi (IQ 79 ve alt\u0131), bunama, dikkat ve bilin\u00e7 bozukluklar\u0131 ile duygusal dengesizli\u011fe neden olan kal\u0131c\u0131 hastal\u0131klar veya kullan\u0131lan ila\u00e7lar da s\u00fcr\u00fcc\u00fc belgesi verilmesini engelleyen sa\u011fl\u0131k ko\u015fullar\u0131 aras\u0131nda yer al\u0131yor.<\/p>\n<div class=\"content-cards\">\n<div class=\"x-news-detail-content-card\">\n<h2 data-card-id=\"acddcd8e-7c16-4113-366e-b09440c46f85\" data-card-type=\"H2\">Epilepsi hastalar\u0131 i\u00e7in yeni uygulama<\/h2>\n<\/div>\n<\/div>\n<div class=\"content-cards\">\n<div class=\"x-news-detail-content-card\">\n<p class=\"non-card\" data-card-id=\"7a636739-1aa2-456c-c59d-f92c0d463ae6\" data-card-type=\"Text\">\u00d6te yandan, son be\u015f y\u0131l i\u00e7inde n\u00f6bet ge\u00e7irmemi\u015f epilepsi hastalar\u0131na art\u0131k ehliyet verilebilecek.<\/p>\n<div class=\"content-cards\">\n<div class=\"x-news-detail-content-card\">\n<h2 data-card-id=\"5c72c07b-957c-4839-71fa-9bbe38bde291\" data-card-type=\"H2\">T\u00fcm\u00f6r hastalar\u0131na k\u0131s\u0131tlama geldi<\/h2>\n<\/div>\n<\/div>\n<div class=\"content-cards\">\n<div class=\"x-news-detail-content-card\">\n<p class=\"non-card\" data-card-id=\"f3d613b3-35c1-48cb-8fe2-ad98c16d5c52\" data-card-type=\"Text\">Daha \u00f6nce metastaz yapmayan k\u00f6t\u00fc huylu t\u00fcm\u00f6r hastalar\u0131na B ve F s\u0131n\u0131f\u0131 ehliyet verilebiliyordu. Ancak, sinir sistemine metastaz yapm\u0131\u015f t\u00fcm\u00f6r hastalar\u0131na s\u00fcr\u00fcc\u00fc belgesi verilmeyecek.<\/p>\n<\/div>\n<\/div>\n<div class=\"content-cards\">\n<div class=\"x-news-detail-content-card\">\n<figure class=\"template news-card\"><figcaption class=\"news-relation-card-caption\" data-v-5c8e0595=\"\"><span class=\"category-name\" data-v-5c8e0595=\"\">\u0130lginizi \u00e7ekebilir<\/span><span class=\"title-block\" data-v-5c8e0595=\"\"><span class=\"title\" data-v-5c8e0595=\"\">Aile ve Sosyal Hizmetler Bakanl\u0131\u011f\u0131 360 i\u015f\u00e7i alacak: Ba\u015fvurular nas\u0131l yap\u0131l\u0131yor?<\/span><\/span><\/p>\n<div class=\"x-icon cap-of-icon icon\" data-v-75a9ded4=\"\" data-v-5c8e0595=\"\"><\/div>\n<\/figcaption><\/figure>\n<\/div>\n<\/div>\n<div class=\"content-cards\">\n<div class=\"x-news-detail-content-card\">\n<h2 data-card-id=\"be2aa625-1327-4317-d727-4a9b34073321\" data-card-type=\"H2\">Muayeneler yetkili kurumlarca yap\u0131lacak<\/h2>\n<\/div>\n<\/div>\n<div class=\"content-cards\">\n<div class=\"x-news-detail-content-card\">\n<p class=\"non-card\" data-card-id=\"2e4adac6-c48b-4614-b996-5131dc946fc2\" data-card-type=\"Text\">S\u00fcr\u00fcc\u00fc ve s\u00fcr\u00fcc\u00fc adaylar\u0131n\u0131n sa\u011fl\u0131k muayeneleri; Sa\u011fl\u0131k Bakanl\u0131\u011f\u0131na ba\u011fl\u0131 hastaneler, \u00fcniversite hastaneleri, aile sa\u011fl\u0131\u011f\u0131 merkezleri ve \u00f6zel sa\u011fl\u0131k kurulu\u015flar\u0131nda g\u00f6revli tabipler taraf\u0131ndan ger\u00e7ekle\u015ftirilecek. Emniyet ve Jandarma personeline ise kurum tabiplikleri taraf\u0131ndan rapor verilebilecek. Verilen raporlarda tabibin ka\u015fe ve imzas\u0131 zorunlu olacak.<\/p>\n<\/div>\n<\/div>\n<div class=\"content-cards\">\n<div class=\"x-news-detail-content-card\">\n<h2 data-card-id=\"e077f1dd-79bd-493b-e0b1-71a0b34be557\" data-card-type=\"H2\">G\u00f6z muayenesine \u00f6zel kurallar<\/h2>\n<\/div>\n<\/div>\n<div class=\"content-cards\">\n<div class=\"x-news-detail-content-card\">\n<p class=\"non-card\" data-card-id=\"33f95e7a-fecd-4278-9348-102434b3ddd0\" data-card-type=\"Text\">S\u00fcr\u00fcc\u00fclerin g\u00f6rme keskinlikleri Snellen e\u015feli ile \u00f6l\u00e7\u00fclecek. Birinci grup s\u00fcr\u00fcc\u00fclerde her iki g\u00f6z\u00fcn toplam g\u00f6rme derecesi en az 1.0, ikinci grupta ise az g\u00f6ren g\u00f6zde en az 0.6, iyi g\u00f6ren g\u00f6zde ise en az 0.8 g\u00f6rme \u015fart\u0131 aranacak. Renk k\u00f6rl\u00fc\u011f\u00fc s\u00fcr\u00fcc\u00fcl\u00fck i\u00e7in engel say\u0131lmazken, gece k\u00f6rl\u00fc\u011f\u00fc olanlara sadece g\u00fcnd\u00fcz ara\u00e7 kullanma izni verilecek.<\/p>\n<\/div>\n<\/div>\n<div class=\"x-news-detail-content-card\">\n<div class=\"content-cards\">\n<div class=\"x-news-detail-content-card\">\n<h2 data-card-id=\"154e76b1-6bae-40d3-78bf-923edefa4019\" data-card-type=\"H2\">\u0130tiraz hakk\u0131 var<\/h2>\n<\/div>\n<\/div>\n<div class=\"content-cards\">\n<div class=\"x-news-detail-content-card\">\n<p class=\"non-card\" data-card-id=\"0d5d893d-e0f1-48bd-dc4a-daf3558e7928\" data-card-type=\"Text\">Sa\u011fl\u0131k raporu olumsuz \u00e7\u0131kan s\u00fcr\u00fcc\u00fc adaylar\u0131, rapora itiraz edebilecek. \u0130tiraz halinde \u00fc\u00e7 uzman doktorun yer ald\u0131\u011f\u0131 bir hastaneye sevk edilecek olan aday, bu kurulun karar\u0131na g\u00f6re yeniden de\u011ferlendirilecek. Son karara da itiraz edilirse, Sa\u011fl\u0131k Bakanl\u0131\u011f\u0131 taraf\u0131ndan belirlenen kurul nihai karar\u0131 verecek.<\/p>\n<\/div>\n<\/div>\n<div class=\"content-cards\">\n<div class=\"x-news-detail-content-card\">\n<h2 data-card-id=\"6b2e70ee-6912-447b-e553-298c2b024361\" data-card-type=\"H2\">Tek g\u00f6z\u00fc g\u00f6ren s\u00fcr\u00fcc\u00fclere \u00f6zel \u015fartlar<\/h2>\n<\/div>\n<\/div>\n<div class=\"content-cards\">\n<div class=\"x-news-detail-content-card\">\n<p class=\"non-card\" data-card-id=\"83d46852-ef35-462d-3df6-48faa24353b8\" data-card-type=\"Text\">Tek g\u00f6z\u00fc g\u00f6ren s\u00fcr\u00fcc\u00fcler, sadece birinci grup s\u00fcr\u00fcc\u00fc belgesi alabilecek ve ticari ara\u00e7, ambulans ya da resmi ara\u00e7 kullanamayacak. Ayr\u0131ca bu s\u00fcr\u00fcc\u00fcler, y\u0131lda bir kez g\u00f6z muayenesinden ge\u00e7mek zorunda olacak.<\/p>\n<\/div>\n<\/div>\n<\/div>\n<\/div>\n<\/div>\n<\/div>\n<\/div>\n<\/div>\n<\/div>\n","protected":false},"excerpt":{"rendered":"<p>Ehliyet alacaklara IQ(zek\u00e2) testi getirilmesi planlan\u0131yor. S\u00fcr\u00fcc\u00fc Adaylar\u0131 ve S\u00fcr\u00fcc\u00fclerde Aranacak Sa\u011fl\u0131k \u015eartlar\u0131 ile Muayenelerine Dair Y\u00f6netmelik&#8217;te IQ seviyesi 79&#8217;un alt\u0131nda olan bireyler ehliyet alamayacak. D\u00fczenlemeye g\u00f6re, zek\u00e2 gerili\u011fi (IQ 79 ve alt\u0131), bunama, dikkat ve bilin\u00e7 bozukluklar\u0131 ile duygusal dengesizli\u011fe neden olan kal\u0131c\u0131 hastal\u0131klar veya kullan\u0131lan ila\u00e7lar da s\u00fcr\u00fcc\u00fc belgesi verilmesini engelleyen sa\u011fl\u0131k ko\u015fullar\u0131 [&hellip;]<\/p>\n","protected":false},"author":5,"featured_media":5091,"comment_status":"open","ping_status":"open","sticky":false,"template":"","format":"standard","meta":{"googlesitekit_rrm_CAowy76-DA:productID":"","footnotes":""},"categories":[73,194],"tags":[203],"class_list":["post-5090","post","type-post","status-publish","format-standard","has-post-thumbnail","hentry","category-haberler","category-tum-haberler","tag-ehliyet"],"_links":{"self":[{"href":"https:\/\/magazinstar.com\/index.php\/wp-json\/wp\/v2\/posts\/5090","targetHints":{"allow":["GET"]}}],"collection":[{"href":"https:\/\/magazinstar.com\/index.php\/wp-json\/wp\/v2\/posts"}],"about":[{"href":"https:\/\/magazinstar.com\/index.php\/wp-json\/wp\/v2\/types\/post"}],"author":[{"embeddable":true,"href":"https:\/\/magazinstar.com\/index.php\/wp-json\/wp\/v2\/users\/5"}],"replies":[{"embeddable":true,"href":"https:\/\/magazinstar.com\/index.php\/wp-json\/wp\/v2\/comments?post=5090"}],"version-history":[{"count":1,"href":"https:\/\/magazinstar.com\/index.php\/wp-json\/wp\/v2\/posts\/5090\/revisions"}],"predecessor-version":[{"id":5092,"href":"https:\/\/magazinstar.com\/index.php\/wp-json\/wp\/v2\/posts\/5090\/revisions\/5092"}],"wp:featuredmedia":[{"embeddable":true,"href":"https:\/\/magazinstar.com\/index.php\/wp-json\/wp\/v2\/media\/5091"}],"wp:attachment":[{"href":"https:\/\/magazinstar.com\/index.php\/wp-json\/wp\/v2\/media?parent=5090"}],"wp:term":[{"taxonomy":"category","embeddable":true,"href":"https:\/\/magazinstar.com\/index.php\/wp-json\/wp\/v2\/categories?post=5090"},{"taxonomy":"post_tag","embeddable":true,"href":"https:\/\/magazinstar.com\/index.php\/wp-json\/wp\/v2\/tags?post=5090"}],"curies":[{"name":"wp","href":"https:\/\/api.w.org\/{rel}","templated":true}]}}