{"id":5093,"date":"2025-06-11T10:29:47","date_gmt":"2025-06-11T10:29:47","guid":{"rendered":"https:\/\/magazinstar.com\/?p=5093"},"modified":"2025-06-11T10:29:47","modified_gmt":"2025-06-11T10:29:47","slug":"beyin-cerrahisinin-duayeni-prof-dr-gazi-yasargil-hayatini-kaybetti","status":"publish","type":"post","link":"https:\/\/magazinstar.com\/index.php\/2025\/06\/11\/beyin-cerrahisinin-duayeni-prof-dr-gazi-yasargil-hayatini-kaybetti\/","title":{"rendered":"Beyin Cerrahisinin Duayeni Prof. Dr. Gazi Ya\u015fargil Hayat\u0131n\u0131 Kaybetti"},"content":{"rendered":"<p data-start=\"141\" data-end=\"510\">Sa\u011fl\u0131k Bakan\u0131 Kemal Memi\u015fo\u011flu, sosyal medya \u00fczerinden yapt\u0131\u011f\u0131 a\u00e7\u0131klamada modern beyin cerrahisinin \u00f6nc\u00fcs\u00fc Prof. Dr. Gazi Ya\u015fargil\u2019in vefat etti\u011fini duyurdu. Bakan Memi\u015fo\u011flu, \u201cBilime adanm\u0131\u015f, bir asra yakla\u015fan \u00f6mr\u00fc boyunca hepimize \u00f6rnek olan b\u00fcy\u00fck bir hocam\u0131z\u0131 kaybettik. Onun izinden gitmek ve hat\u0131ras\u0131n\u0131 ya\u015fatmak i\u00e7in elimizden geleni yapaca\u011f\u0131z\u201d ifadelerini kulland\u0131.<\/p>\n<h3 data-start=\"512\" data-end=\"552\">&#8220;Y\u00fczy\u0131l\u0131n Beyin Cerrah\u0131&#8221;n\u0131 Kaybettik<\/h3>\n<p data-start=\"554\" data-end=\"897\">Alan\u0131nda devrim niteli\u011finde \u00e7al\u0131\u015fmalara imza atan Prof. Dr. Ya\u015fargil, 1999 y\u0131l\u0131nda Amerikan N\u00f6rolojik Cerrahlar Kongresi taraf\u0131ndan &#8220;Y\u00fczy\u0131l\u0131n Beyin Cerrah\u0131&#8221; unvan\u0131na lay\u0131k g\u00f6r\u00fclm\u00fc\u015ft\u00fc. Mikroskobik beyin cerrahisinin \u00f6nc\u00fclerinden olan Ya\u015fargil, geli\u015ftirdi\u011fi cerrahi teknikler ve t\u0131bbi ekipmanlarla d\u00fcnya \u00e7ap\u0131nda bir\u00e7ok hekime ilham kayna\u011f\u0131 oldu.<\/p>\n<h3 data-start=\"899\" data-end=\"944\">T\u0131ptaki Yolculu\u011fu: Diyarbak\u0131r&#8217;dan D\u00fcnyaya<\/h3>\n<p data-start=\"946\" data-end=\"1334\">6 Temmuz 1925\u2019te Diyarbak\u0131r\u2019\u0131n Lice il\u00e7esinde d\u00fcnyaya gelen Ya\u015fargil, T\u00fcrkiye\u2019deki t\u0131p e\u011fitiminin ard\u0131ndan \u0130svi\u00e7re\u2019de Basel ve Bern \u00dcniversitelerinde n\u00f6ro\u015fir\u00fcrji ve psikiyatri alanlar\u0131nda e\u011fitim ald\u0131. Beyin anatomisine olan ilgisi, onu n\u00f6ro\u015fir\u00fcrji alan\u0131nda \u00e7\u0131\u011f\u0131r a\u00e7an bir isme d\u00f6n\u00fc\u015ft\u00fcrd\u00fc. 1965 y\u0131l\u0131nda Z\u00fcrih \u00dcniversitesi\u2019nde yard\u0131mc\u0131 profes\u00f6r, 1973&#8217;te ise N\u00f6ro\u015fir\u00fcrji B\u00f6l\u00fcm\u00fc Ba\u015fkan\u0131 oldu.<\/p>\n<h3 data-start=\"1336\" data-end=\"1373\">Cerrahide Devrim Yaratan Cihazlar<\/h3>\n<p data-start=\"1375\" data-end=\"1756\">Ya\u015fargil, cerrahide mikroskobun etkin kullan\u0131m\u0131n\u0131 ba\u015flatan ilk isimlerden biri oldu. 1967 y\u0131l\u0131nda mikroskop destekli ilk beyin bypass ameliyat\u0131n\u0131 ger\u00e7ekle\u015ftirdi. Kendi geli\u015ftirdi\u011fi mikrocerrahi aletleri, g\u00fcn\u00fcm\u00fczde h\u00e2l\u00e2 beyin ameliyatlar\u0131nda standart olarak kullan\u0131lmakta. Leyla Retrakt\u00f6r\u00fc ve kayan mikroskop gibi bulu\u015flar\u0131, ameliyatlar\u0131n daha g\u00fcvenli ve etkili yap\u0131lmas\u0131n\u0131 sa\u011flad\u0131.<\/p>\n<h3 data-start=\"1758\" data-end=\"1796\">T\u0131bbi Miras\u0131 Ya\u015famaya Devam Edecek<\/h3>\n<p data-start=\"1798\" data-end=\"2175\">Prof. Dr. Gazi Ya\u015fargil, yaln\u0131zca ameliyat teknikleriyle de\u011fil, ayn\u0131 zamanda geli\u015ftirdi\u011fi cihazlarla da modern n\u00f6ro\u015fir\u00fcrjinin temel ta\u015flar\u0131n\u0131 att\u0131. Uluslararas\u0131 alanda onlarca \u00f6d\u00fcl alan Ya\u015fargil, Avrupa N\u00f6rolojik Cerrahlar Birli\u011fi\u2019nden de onur madalyas\u0131 kazanm\u0131\u015ft\u0131. 2021 y\u0131l\u0131nda hayat\u0131 ve ba\u015far\u0131lar\u0131n\u0131 anlatan <em data-start=\"2108\" data-end=\"2141\">Master of Brains, Gazi Ya\u015fargil<\/em> belgeseli ABD&#8217;de g\u00f6sterime girdi.<\/p>\n<p data-start=\"2177\" data-end=\"2441\">Cumhuriyet Gazetesi taraf\u0131ndan 2000 y\u0131l\u0131nda T\u00fcrk tarihinin en etkili isimlerinden biri olarak se\u00e7ilen Ya\u015fargil, Atat\u00fcrk ve \u0130bn-i Sina gibi isimlerle birlikte an\u0131ld\u0131. Onun bilimsel miras\u0131, hem t\u0131p d\u00fcnyas\u0131nda hem de insanl\u0131k tarihinde kal\u0131c\u0131 bir iz b\u0131rakm\u0131\u015f durumda.<\/p>\n<p data-start=\"2456\" data-end=\"2671\">Bilimin \u0131\u015f\u0131\u011f\u0131n\u0131 bir \u00f6m\u00fcr boyunca ta\u015f\u0131yan Prof. Dr. Gazi Ya\u015fargil\u2019in vefat\u0131, sadece t\u0131p d\u00fcnyas\u0131 i\u00e7in de\u011fil, insanl\u0131k i\u00e7in de b\u00fcy\u00fck bir kay\u0131p. Onun ad\u0131n\u0131 ve katk\u0131lar\u0131n\u0131 ya\u015fatmak, gelecek nesillerin sorumlulu\u011fu olacak.<\/p>\n","protected":false},"excerpt":{"rendered":"<p>Sa\u011fl\u0131k Bakan\u0131 Kemal Memi\u015fo\u011flu, sosyal medya \u00fczerinden yapt\u0131\u011f\u0131 a\u00e7\u0131klamada modern beyin cerrahisinin \u00f6nc\u00fcs\u00fc Prof. Dr. Gazi Ya\u015fargil\u2019in vefat etti\u011fini duyurdu. Bakan Memi\u015fo\u011flu, \u201cBilime adanm\u0131\u015f, bir asra yakla\u015fan \u00f6mr\u00fc boyunca hepimize \u00f6rnek olan b\u00fcy\u00fck bir hocam\u0131z\u0131 kaybettik. Onun izinden gitmek ve hat\u0131ras\u0131n\u0131 ya\u015fatmak i\u00e7in elimizden geleni yapaca\u011f\u0131z\u201d ifadelerini kulland\u0131. &#8220;Y\u00fczy\u0131l\u0131n Beyin Cerrah\u0131&#8221;n\u0131 Kaybettik Alan\u0131nda devrim niteli\u011finde [&hellip;]<\/p>\n","protected":false},"author":5,"featured_media":5094,"comment_status":"open","ping_status":"open","sticky":false,"template":"","format":"standard","meta":{"googlesitekit_rrm_CAowy76-DA:productID":"","footnotes":""},"categories":[73,194],"tags":[204,205],"class_list":["post-5093","post","type-post","status-publish","format-standard","has-post-thumbnail","hentry","category-haberler","category-tum-haberler","tag-gazi-yasargil","tag-mehmet-memisoglu"],"_links":{"self":[{"href":"https:\/\/magazinstar.com\/index.php\/wp-json\/wp\/v2\/posts\/5093","targetHints":{"allow":["GET"]}}],"collection":[{"href":"https:\/\/magazinstar.com\/index.php\/wp-json\/wp\/v2\/posts"}],"about":[{"href":"https:\/\/magazinstar.com\/index.php\/wp-json\/wp\/v2\/types\/post"}],"author":[{"embeddable":true,"href":"https:\/\/magazinstar.com\/index.php\/wp-json\/wp\/v2\/users\/5"}],"replies":[{"embeddable":true,"href":"https:\/\/magazinstar.com\/index.php\/wp-json\/wp\/v2\/comments?post=5093"}],"version-history":[{"count":1,"href":"https:\/\/magazinstar.com\/index.php\/wp-json\/wp\/v2\/posts\/5093\/revisions"}],"predecessor-version":[{"id":5095,"href":"https:\/\/magazinstar.com\/index.php\/wp-json\/wp\/v2\/posts\/5093\/revisions\/5095"}],"wp:featuredmedia":[{"embeddable":true,"href":"https:\/\/magazinstar.com\/index.php\/wp-json\/wp\/v2\/media\/5094"}],"wp:attachment":[{"href":"https:\/\/magazinstar.com\/index.php\/wp-json\/wp\/v2\/media?parent=5093"}],"wp:term":[{"taxonomy":"category","embeddable":true,"href":"https:\/\/magazinstar.com\/index.php\/wp-json\/wp\/v2\/categories?post=5093"},{"taxonomy":"post_tag","embeddable":true,"href":"https:\/\/magazinstar.com\/index.php\/wp-json\/wp\/v2\/tags?post=5093"}],"curies":[{"name":"wp","href":"https:\/\/api.w.org\/{rel}","templated":true}]}}