{"id":5096,"date":"2025-06-11T10:35:35","date_gmt":"2025-06-11T10:35:35","guid":{"rendered":"https:\/\/magazinstar.com\/?p=5096"},"modified":"2025-06-11T10:36:26","modified_gmt":"2025-06-11T10:36:26","slug":"canikten-hem-yatirim-hamlesi-hem-genclere-ilham-turkiyenin-savunma-gelecegi-icin-kararlilikla-ilerliyoruz","status":"publish","type":"post","link":"https:\/\/magazinstar.com\/index.php\/2025\/06\/11\/canikten-hem-yatirim-hamlesi-hem-genclere-ilham-turkiyenin-savunma-gelecegi-icin-kararlilikla-ilerliyoruz\/","title":{"rendered":"CANiK\u2019ten Hem Yat\u0131r\u0131m Hamlesi Hem Gen\u00e7lere \u0130lham: T\u00fcrkiye\u2019nin Savunma Gelece\u011fi \u0130\u00e7in Kararl\u0131l\u0131kla \u0130lerliyoruz"},"content":{"rendered":"<article class=\"text-token-text-primary w-full\" dir=\"auto\" data-testid=\"conversation-turn-58\" data-scroll-anchor=\"true\">\n<div class=\"text-base my-auto mx-auto py-5 [--thread-content-margin:--spacing(4)] @[37rem]:[--thread-content-margin:--spacing(6)] @[72rem]:[--thread-content-margin:--spacing(16)] px-(--thread-content-margin)\">\n<div class=\"[--thread-content-max-width:32rem] @[34rem]:[--thread-content-max-width:40rem] @[64rem]:[--thread-content-max-width:48rem] mx-auto flex max-w-(--thread-content-max-width) flex-1 text-base gap-4 md:gap-5 lg:gap-6 group\/turn-messages focus-visible:outline-hidden\" tabindex=\"-1\">\n<div class=\"group\/conversation-turn relative flex w-full min-w-0 flex-col agent-turn\">\n<div class=\"relative flex-col gap-1 md:gap-3\">\n<div class=\"flex max-w-full flex-col grow\">\n<div class=\"min-h-8 text-message relative flex w-full flex-col items-end gap-2 text-start break-words whitespace-normal [.text-message+&amp;]:mt-5\" dir=\"auto\" data-message-author-role=\"assistant\" data-message-id=\"d7e68e36-a471-45f9-b401-15110d597297\" data-message-model-slug=\"gpt-4o\">\n<div class=\"flex w-full flex-col gap-1 empty:hidden first:pt-[3px]\">\n<div class=\"markdown prose dark:prose-invert w-full break-words light\">\n<p data-start=\"122\" data-end=\"651\">Samsun Yurt Savunma (SYS) Y\u00f6netim Kurulu \u00dcyesi Didem Aral, k\u00fcresel savunma sanayiinde jeopolitik risklerin yo\u011funla\u015ft\u0131\u011f\u0131 ve teknolojik d\u00f6n\u00fc\u015f\u00fcm\u00fcn h\u0131zland\u0131\u011f\u0131 bu d\u00f6nemde, T\u00fcrkiye&#8217;nin savunma sanayi vizyonunun daha da derinle\u015fti\u011fini ve yerli-milli \u00fcretim anlay\u0131\u015f\u0131n\u0131n g\u00fc\u00e7 kazand\u0131\u011f\u0131n\u0131 belirtti. Aral, \u201cSavunma teknolojileri art\u0131k sadece g\u00fcvenlik de\u011fil; d\u0131\u015f politika, ekonomik ba\u011f\u0131ms\u0131zl\u0131k ve uluslararas\u0131 etki a\u00e7\u0131s\u0131ndan da stratejik bir g\u00fc\u00e7 arac\u0131. Bu nedenle T\u00fcrk savunma sanayiinin \u00e7evikli\u011fi ve uyum kabiliyeti kritik bir noktada\u201d dedi.<\/p>\n<p data-start=\"653\" data-end=\"710\"><strong data-start=\"653\" data-end=\"710\">Yat\u0131r\u0131mlar H\u0131zla Devam Ediyor, Hedef 250 Milyon Dolar<\/strong><\/p>\n<p data-start=\"712\" data-end=\"1427\">Aral, SYS Grubu olarak bu s\u00fcre\u00e7te kararl\u0131 ad\u0131mlarla ilerlediklerini ve 2025 y\u0131l\u0131 hedeflerinin 250 milyon dolarl\u0131k sat\u0131\u015fa ula\u015fmak oldu\u011funu a\u00e7\u0131klad\u0131. 2020 y\u0131l\u0131nda ba\u015flat\u0131lan 165 milyon dolarl\u0131k yat\u0131r\u0131m plan\u0131n\u0131n bug\u00fcne dek 110 milyon dolarl\u0131k k\u0131sm\u0131n\u0131n hayata ge\u00e7irildi\u011fini s\u00f6yleyen Aral, \u201cABD West Palm Beach\u2019teki \u00fcretim tesisimiz faaliyete ge\u00e7ti. UNIROBOTICS\u2019in TRAKON serisi kule sistemlerinin sat\u0131\u015flar\u0131 ba\u015flad\u0131. Ayr\u0131ca AEI Systems taraf\u0131ndan geli\u015ftirilen d\u00fc\u015f\u00fck geri tepmeli 30&#215;113 mm toplar\u0131n teslimat\u0131na ge\u00e7ildi. Samsun\u2019daki d\u00f6rd\u00fcnc\u00fc fabrikam\u0131z\u0131n kaba in\u015faat\u0131 bitti. \u0130stanbul\u2019daki merkez bina ve CANiK Academy i\u00e7in de benzer s\u00fcre\u00e7 tamamland\u0131. Yat\u0131r\u0131mlar\u0131m\u0131z 2027 sonunda tamamen tamamlanacak\u201d ifadelerini kulland\u0131.<\/p>\n<p data-start=\"1429\" data-end=\"1477\"><strong data-start=\"1429\" data-end=\"1477\">CANiK\u2019ten Gelece\u011fin M\u00fchendislerine A\u00e7\u0131k Kap\u0131<\/strong><\/p>\n<p data-start=\"1479\" data-end=\"1830\">SYS\u2019nin ana markas\u0131 CANiK, gelece\u011fin savunma m\u00fchendislerine ilham vermek amac\u0131yla d\u00fczenlenen Hezarfen Savunma, Havac\u0131l\u0131k ve Uzay Teknolojileri E\u011fitim Kamp\u0131\u2019na bu y\u0131l da sponsor oldu. Y\u00fcksek teknolojiye dayal\u0131 \u00fcretim tesislerini gen\u00e7lere a\u00e7an \u015firket, \u00f6\u011frencilerin uzmanlarla do\u011frudan ileti\u015fim kurmas\u0131n\u0131 sa\u011flayarak kariyerlerine y\u00f6n verme f\u0131rsat\u0131 sundu.<\/p>\n<p data-start=\"1832\" data-end=\"2271\">Didem Aral, 19 May\u0131s Atat\u00fcrk\u2019\u00fc Anma, Gen\u00e7lik ve Spor Bayram\u0131\u2019n\u0131 bu anlaml\u0131 organizasyonla ta\u00e7land\u0131rd\u0131klar\u0131n\u0131 vurgulayarak, \u201cMilli M\u00fccadele\u2019nin ba\u015flad\u0131\u011f\u0131 Samsun\u2019da, gelece\u011fimizin teminat\u0131 gen\u00e7lere ilham olmay\u0131 bir sorumluluk olarak g\u00f6r\u00fcyoruz. Hezarfen Projesi ile gen\u00e7lerimize savunma ve havac\u0131l\u0131k teknolojilerinde liderlik vizyonu kazand\u0131rmay\u0131 hedefliyoruz. CANiK olarak onlar\u0131n bu yolculu\u011funa e\u015flik etmekten b\u00fcy\u00fck heyecan duyuyoruz\u201d dedi.<\/p>\n<p data-start=\"2273\" data-end=\"2333\"><strong data-start=\"2273\" data-end=\"2333\">Gen\u00e7likten D\u00fcnya Sahnesine: TED Samsun\u2019un B\u00fcy\u00fck Ba\u015far\u0131s\u0131<\/strong><\/p>\n<p data-start=\"2335\" data-end=\"2634\">CANiK\u2019in destekledi\u011fi projelerden biri olan TED Samsun Koleji\u2019nin robotik tak\u0131m\u0131, VEX Robotik T\u00fcrkiye \u015eampiyonas\u0131\u2019nda M\u00fckemmellik \u00d6d\u00fcl\u00fc\u2019n\u00fc kazanarak ABD\u2019deki VEX D\u00fcnya \u015eampiyonas\u0131\u2019na kat\u0131lma hakk\u0131 elde etti. TED Samsun Robotics Teams, bu ba\u015far\u0131yla T\u00fcrkiye\u2019yi temsil edecek 6 tak\u0131m aras\u0131nda yer ald\u0131.<\/p>\n<p data-start=\"2636\" data-end=\"2842\" data-is-last-node=\"\" data-is-only-node=\"\">Samsun Yurt Savunma, bir yandan yerli savunma teknolojilerinde k\u00fcresel \u00f6l\u00e7ekte ad\u0131mlar atarken, di\u011fer yandan gen\u00e7 nesli gelece\u011fin liderleri olarak yeti\u015ftirmeye y\u00f6nelik yat\u0131r\u0131mlar\u0131n\u0131 da art\u0131rarak s\u00fcrd\u00fcr\u00fcyor<\/p>\n<\/div>\n<\/div>\n<\/div>\n<\/div>\n<div class=\"mt-3 w-full empty:hidden\">\n<div class=\"text-center\"><\/div>\n<\/div>\n<\/div>\n<div class=\"absolute\">\n<div class=\"flex items-center justify-center\"><\/div>\n<\/div>\n<\/div>\n<\/div>\n<\/div>\n<\/article>\n<div class=\"pointer-events-none h-px w-px\" aria-hidden=\"true\" data-edge=\"true\"><\/div>\n","protected":false},"excerpt":{"rendered":"<p>Samsun Yurt Savunma (SYS) Y\u00f6netim Kurulu \u00dcyesi Didem Aral, k\u00fcresel savunma sanayiinde jeopolitik risklerin yo\u011funla\u015ft\u0131\u011f\u0131 ve teknolojik d\u00f6n\u00fc\u015f\u00fcm\u00fcn h\u0131zland\u0131\u011f\u0131 bu d\u00f6nemde, T\u00fcrkiye&#8217;nin savunma sanayi vizyonunun daha da derinle\u015fti\u011fini ve yerli-milli \u00fcretim anlay\u0131\u015f\u0131n\u0131n g\u00fc\u00e7 kazand\u0131\u011f\u0131n\u0131 belirtti. Aral, \u201cSavunma teknolojileri art\u0131k sadece g\u00fcvenlik de\u011fil; d\u0131\u015f politika, ekonomik ba\u011f\u0131ms\u0131zl\u0131k ve uluslararas\u0131 etki a\u00e7\u0131s\u0131ndan da stratejik bir g\u00fc\u00e7 arac\u0131. [&hellip;]<\/p>\n","protected":false},"author":5,"featured_media":5097,"comment_status":"open","ping_status":"open","sticky":false,"template":"","format":"standard","meta":{"googlesitekit_rrm_CAowy76-DA:productID":"","footnotes":""},"categories":[73,68,194],"tags":[207,206],"class_list":["post-5096","post","type-post","status-publish","format-standard","has-post-thumbnail","hentry","category-haberler","category-teknoloji","category-tum-haberler","tag-didem-aral","tag-samsun-yurt-savunma"],"_links":{"self":[{"href":"https:\/\/magazinstar.com\/index.php\/wp-json\/wp\/v2\/posts\/5096","targetHints":{"allow":["GET"]}}],"collection":[{"href":"https:\/\/magazinstar.com\/index.php\/wp-json\/wp\/v2\/posts"}],"about":[{"href":"https:\/\/magazinstar.com\/index.php\/wp-json\/wp\/v2\/types\/post"}],"author":[{"embeddable":true,"href":"https:\/\/magazinstar.com\/index.php\/wp-json\/wp\/v2\/users\/5"}],"replies":[{"embeddable":true,"href":"https:\/\/magazinstar.com\/index.php\/wp-json\/wp\/v2\/comments?post=5096"}],"version-history":[{"count":2,"href":"https:\/\/magazinstar.com\/index.php\/wp-json\/wp\/v2\/posts\/5096\/revisions"}],"predecessor-version":[{"id":5099,"href":"https:\/\/magazinstar.com\/index.php\/wp-json\/wp\/v2\/posts\/5096\/revisions\/5099"}],"wp:featuredmedia":[{"embeddable":true,"href":"https:\/\/magazinstar.com\/index.php\/wp-json\/wp\/v2\/media\/5097"}],"wp:attachment":[{"href":"https:\/\/magazinstar.com\/index.php\/wp-json\/wp\/v2\/media?parent=5096"}],"wp:term":[{"taxonomy":"category","embeddable":true,"href":"https:\/\/magazinstar.com\/index.php\/wp-json\/wp\/v2\/categories?post=5096"},{"taxonomy":"post_tag","embeddable":true,"href":"https:\/\/magazinstar.com\/index.php\/wp-json\/wp\/v2\/tags?post=5096"}],"curies":[{"name":"wp","href":"https:\/\/api.w.org\/{rel}","templated":true}]}}