{"id":5103,"date":"2025-06-12T17:07:23","date_gmt":"2025-06-12T17:07:23","guid":{"rendered":"https:\/\/magazinstar.com\/?p=5103"},"modified":"2025-06-12T17:08:26","modified_gmt":"2025-06-12T17:08:26","slug":"abd-makyaj-sanatcisini-dovmeleri-nedeniyle-el-salvadordaki-mega-hapishaneye-surgun-etti-uluslararasi-tepkiler-buyuyor","status":"publish","type":"post","link":"https:\/\/magazinstar.com\/index.php\/2025\/06\/12\/abd-makyaj-sanatcisini-dovmeleri-nedeniyle-el-salvadordaki-mega-hapishaneye-surgun-etti-uluslararasi-tepkiler-buyuyor\/","title":{"rendered":"ABD, Makyaj Sanat\u00e7\u0131s\u0131n\u0131 D\u00f6vmeleri Nedeniyle El Salvador\u2019daki Mega-Hapishaneye S\u00fcrg\u00fcn Etti: Uluslararas\u0131 Tepkiler B\u00fcy\u00fcyor"},"content":{"rendered":"<article class=\"text-token-text-primary w-full\" dir=\"auto\" data-testid=\"conversation-turn-24\" data-scroll-anchor=\"true\">\n<div class=\"text-base my-auto mx-auto py-5 [--thread-content-margin:--spacing(4)] @[37rem]:[--thread-content-margin:--spacing(6)] @[72rem]:[--thread-content-margin:--spacing(16)] px-(--thread-content-margin)\">\n<div class=\"[--thread-content-max-width:32rem] @[34rem]:[--thread-content-max-width:40rem] @[64rem]:[--thread-content-max-width:48rem] mx-auto flex max-w-(--thread-content-max-width) flex-1 text-base gap-4 md:gap-5 lg:gap-6 group\/turn-messages focus-visible:outline-hidden\" tabindex=\"-1\">\n<div class=\"group\/conversation-turn relative flex w-full min-w-0 flex-col agent-turn\">\n<div class=\"relative flex-col gap-1 md:gap-3\">\n<div class=\"flex max-w-full flex-col grow\">\n<div class=\"min-h-8 text-message relative flex w-full flex-col items-end gap-2 text-start break-words whitespace-normal [.text-message+&amp;]:mt-5\" dir=\"auto\" data-message-author-role=\"assistant\" data-message-id=\"fbd793b6-9274-42a1-b78a-0f7e0c4a1f23\" data-message-model-slug=\"gpt-4o\">\n<div class=\"flex w-full flex-col gap-1 empty:hidden first:pt-[3px]\">\n<div class=\"markdown prose dark:prose-invert w-full break-words light\">\n<p data-start=\"183\" data-end=\"476\"><em data-start=\"183\" data-end=\"476\">Venezuelal\u0131 makyaj sanat\u00e7\u0131s\u0131 Andry Hern\u00e1ndez, d\u00f6vmelerinden dolay\u0131 ABD taraf\u0131ndan \u00e7ete \u00fcyesi ilan edilip El Salvador\u2019a s\u0131n\u0131r d\u0131\u015f\u0131 edildi. Hi\u00e7bir yarg\u0131 s\u00fcreci i\u015fletilmeden d\u00fcnyan\u0131n en sert cezaevlerinden birine g\u00f6nderilen Hern\u00e1ndez\u2019in ak\u0131beti bilinmiyor. Olay uluslararas\u0131 tepkilere yol a\u00e7t\u0131.<\/em><\/p>\n<p data-start=\"478\" data-end=\"832\">ABD\u2019de g\u00f6\u00e7men kar\u015f\u0131t\u0131 sert uygulamalar yeniden g\u00fcndemde. 31 ya\u015f\u0131ndaki makyaj sanat\u00e7\u0131s\u0131 Andry Hern\u00e1ndez, Mart 2025\u2019te, Venezuela\u2019dan ABD\u2019ye iltica talebiyle giri\u015f yapt\u0131ktan k\u0131sa bir s\u00fcre sonra, \u00e7ete ba\u011flant\u0131s\u0131 \u015f\u00fcphesiyle El Salvador\u2019a s\u0131n\u0131r d\u0131\u015f\u0131 edildi. Ne var ki bu karar, herhangi bir mahkeme karar\u0131 ya da savunma hakk\u0131 tan\u0131nmadan, do\u011frudan uyguland\u0131.<\/p>\n<p data-start=\"834\" data-end=\"1172\">Gerek\u00e7e mi? Bileklerine yapt\u0131rd\u0131\u011f\u0131 iki k\u00fc\u00e7\u00fck ta\u00e7 d\u00f6vmesi. Bu d\u00f6vmeler, do\u011fdu\u011fu \u015fehir Capacho Nuevo\u2019nun me\u015fhur \u00dc\u00e7 Kral Festivali\u2019ne duydu\u011fu ba\u011fl\u0131l\u0131\u011f\u0131 ve ailesine olan sevgisini simgeliyordu. Ancak ABD G\u00f6\u00e7menlik ve G\u00fcmr\u00fck Muhafaza (ICE) yetkilileri, bu sembolleri Venezuela merkezli su\u00e7 \u00f6rg\u00fct\u00fc Tren de Aragua\u2019n\u0131n simgeleri olarak yorumlad\u0131.<\/p>\n<p data-start=\"1174\" data-end=\"1428\">Trump-Vance y\u00f6netimi, \u015eubat 2025\u2019te bu grubu \u201culuslararas\u0131 ter\u00f6r \u00f6rg\u00fct\u00fc\u201d ilan etmi\u015f ve 1798 tarihli nadiren uygulanan <em data-start=\"1292\" data-end=\"1311\">Alien Enemies Act<\/em> yasas\u0131n\u0131 devreye sokmu\u015ftu. Bu yasa, acil durumlarda yabanc\u0131lar\u0131n yarg\u0131lanmadan s\u0131n\u0131r d\u0131\u015f\u0131 edilmesine olanak tan\u0131yor.<\/p>\n<p data-start=\"1430\" data-end=\"1780\"><strong data-start=\"1430\" data-end=\"1482\">\u201cBen \u00e7ete \u00fcyesi de\u011filim, e\u015fcinselim ve kuaf\u00f6r\u00fcm\u201d<\/strong><br data-start=\"1482\" data-end=\"1485\" \/>TIME dergisinden foto muhabiri Philip Holsinger, Hern\u00e1ndez\u2019in El Salvador\u2019daki y\u00fcksek g\u00fcvenlikli CECOT hapishanesine g\u00f6nderildikten sonraki durumunu aktard\u0131: \u201cA\u011fz\u0131 ba\u011flanm\u0131\u015ft\u0131, a\u015fa\u011f\u0131lanm\u0131\u015f ve darp edilmi\u015fti. A\u011fl\u0131yor, dua ediyor, annesini \u00e7a\u011f\u0131r\u0131yordu.\u201d O g\u00fcnden beri kendisinden haber al\u0131nam\u0131yor.<\/p>\n<p data-start=\"1782\" data-end=\"2236\"><strong data-start=\"1782\" data-end=\"1810\">D\u00f6vmeler Yeterli Say\u0131ld\u0131<\/strong><br data-start=\"1810\" data-end=\"1813\" \/>San Diego\u2019daki Otay Mesa ICE merkezinde, \u00f6zel bir cezaevi \u015firketi olan Core Civic\u2019in bir \u00e7al\u0131\u015fan\u0131, Hern\u00e1ndez\u2019i bir \u201cpuanlama sistemi\u201d ile de\u011ferlendirdi. Sadece d\u00f6vmeleri, onu \u201cg\u00fcvenlik riski\u201d olarak etiketlemeye yetti. Dava belgelerine g\u00f6re, bu de\u011ferlendirme d\u0131\u015f\u0131nda Hern\u00e1ndez\u2019i \u00e7eteyle ili\u015fkilendiren hi\u00e7bir delil bulunmuyor. Avukat\u0131 Lindsay Toczylowski, \u201cBu, hukuk devletinin temel ilkelerine a\u00e7\u0131k bir ayk\u0131r\u0131l\u0131kt\u0131r\u201d dedi.<\/p>\n<p data-start=\"2238\" data-end=\"2430\">May\u0131s 2025\u2019te Hern\u00e1ndez\u2019in iltica ba\u015fvurusu reddedildi. Gerek\u00e7e: \u201cArt\u0131k ABD s\u0131n\u0131rlar\u0131nda bulunmamas\u0131.\u201d Hukuki m\u00fccadele devam ederken, temyiz davas\u0131 G\u00f6\u00e7menlik Temyiz Kurulu\u2019nda (BIA) g\u00f6r\u00fcl\u00fcyor.<\/p>\n<p data-start=\"2432\" data-end=\"2872\"><strong data-start=\"2432\" data-end=\"2470\">Uluslararas\u0131 Protesto ve Dayan\u0131\u015fma<\/strong><br data-start=\"2470\" data-end=\"2473\" \/>\u0130nsan haklar\u0131 \u00f6rg\u00fctleri, LGBT\u0130+ gruplar ve Demokrat Partili politikac\u0131lar olaya tepki g\u00f6sterdi. Kaliforniya Valisi Gavin Newsom ve baz\u0131 kongre \u00fcyeleri, El Salvador\u2019a yapt\u0131klar\u0131 ziyarette Hern\u00e1ndez\u2019in yeri hakk\u0131nda bilgi alamad\u0131. Washington DC\u2019de ABD Y\u00fcksek Mahkemesi \u00f6n\u00fcnde protesto d\u00fczenlenirken, Venezuela\u2019n\u0131n Capacho kentinde insanlar ellerinde alt\u0131n ta\u00e7larla bir dayan\u0131\u015fma n\u00f6beti ger\u00e7ekle\u015ftirdi.<\/p>\n<p data-start=\"2874\" data-end=\"3104\" data-is-last-node=\"\" data-is-only-node=\"\">Toczylowski, bas\u0131na yapt\u0131\u011f\u0131 a\u00e7\u0131klamada \u015fu uyar\u0131y\u0131 yapt\u0131:<br data-start=\"2930\" data-end=\"2933\" \/><strong data-start=\"2933\" data-end=\"3104\" data-is-last-node=\"\">\u201cBir insan sadece d\u00f6vmesi nedeniyle yarg\u0131lanmadan kaybolabiliyorsa, bu hepimizi ilgilendirir. Bug\u00fcn Andry\u2019nin ba\u015f\u0131na gelen, yar\u0131n herhangi birimizin ba\u015f\u0131na gelebilir.\u201d<\/strong><\/p>\n<\/div>\n<\/div>\n<\/div>\n<\/div>\n<div class=\"flex min-h-[46px] justify-start\">\n<div class=\"touch:-me-2 touch:-ms-3.5 -ms-2.5 -me-1 flex items-center p-1 select-none -mt-1 w-full duration-[1.5s] focus-within:transition-none hover:transition-none pointer-events-none [mask-image:linear-gradient(to_right,black_33%,transparent_66%)] [mask-size:300%_100%] [mask-position:100%_0%] motion-safe:transition-[mask-position] group-hover\/turn-messages:pointer-events-auto group-hover\/turn-messages:[mask-position:0_0] group-focus-within\/turn-messages:pointer-events-auto group-focus-within\/turn-messages:[mask-position:0_0] has-data-[state=open]:pointer-events-auto has-data-[state=open]:[mask-position:0_0]\"><button class=\"text-token-text-secondary hover:bg-token-bg-secondary rounded-lg\" aria-label=\"Copy\" aria-selected=\"false\" data-testid=\"copy-turn-action-button\" data-state=\"closed\"><\/button><button class=\"text-token-text-secondary hover:bg-token-bg-secondary rounded-lg\" aria-label=\"Good response\" aria-selected=\"false\" data-testid=\"good-response-turn-action-button\" data-state=\"closed\"><\/button><button class=\"text-token-text-secondary hover:bg-token-bg-secondary rounded-lg\" aria-label=\"Bad response\" aria-selected=\"false\" data-testid=\"bad-response-turn-action-button\" data-state=\"closed\"><\/button><button class=\"text-token-text-secondary hover:bg-token-bg-secondary rounded-lg\" aria-label=\"Read aloud\" aria-selected=\"false\" data-testid=\"voice-play-turn-action-button\" data-state=\"closed\"><\/button><button class=\"text-token-text-secondary hover:bg-token-bg-secondary rounded-lg\" aria-label=\"Edit in canvas\" aria-selected=\"false\" data-state=\"closed\"><\/button><\/p>\n<div class=\"flex items-center\"><\/div>\n<\/div>\n<\/div>\n<div class=\"mt-3 w-full empty:hidden\">\n<div class=\"text-center\"><\/div>\n<\/div>\n<\/div>\n<div class=\"absolute\">\n<div class=\"flex items-center justify-center\"><\/div>\n<\/div>\n<\/div>\n<\/div>\n<\/div>\n<\/article>\n<div class=\"pointer-events-none h-px w-px\" aria-hidden=\"true\" data-edge=\"true\"><\/div>\n","protected":false},"excerpt":{"rendered":"<p>Venezuelal\u0131 makyaj sanat\u00e7\u0131s\u0131 Andry Hern\u00e1ndez, d\u00f6vmelerinden dolay\u0131 ABD taraf\u0131ndan \u00e7ete \u00fcyesi ilan edilip El Salvador\u2019a s\u0131n\u0131r d\u0131\u015f\u0131 edildi. Hi\u00e7bir yarg\u0131 s\u00fcreci i\u015fletilmeden d\u00fcnyan\u0131n en sert cezaevlerinden birine g\u00f6nderilen Hern\u00e1ndez\u2019in ak\u0131beti bilinmiyor. Olay uluslararas\u0131 tepkilere yol a\u00e7t\u0131. ABD\u2019de g\u00f6\u00e7men kar\u015f\u0131t\u0131 sert uygulamalar yeniden g\u00fcndemde. 31 ya\u015f\u0131ndaki makyaj sanat\u00e7\u0131s\u0131 Andry Hern\u00e1ndez, Mart 2025\u2019te, Venezuela\u2019dan ABD\u2019ye iltica talebiyle [&hellip;]<\/p>\n","protected":false},"author":5,"featured_media":5104,"comment_status":"open","ping_status":"open","sticky":false,"template":"","format":"standard","meta":{"googlesitekit_rrm_CAowy76-DA:productID":"","footnotes":""},"categories":[73,194],"tags":[212],"class_list":["post-5103","post","type-post","status-publish","format-standard","has-post-thumbnail","hentry","category-haberler","category-tum-haberler","tag-andry-hernandez"],"_links":{"self":[{"href":"https:\/\/magazinstar.com\/index.php\/wp-json\/wp\/v2\/posts\/5103","targetHints":{"allow":["GET"]}}],"collection":[{"href":"https:\/\/magazinstar.com\/index.php\/wp-json\/wp\/v2\/posts"}],"about":[{"href":"https:\/\/magazinstar.com\/index.php\/wp-json\/wp\/v2\/types\/post"}],"author":[{"embeddable":true,"href":"https:\/\/magazinstar.com\/index.php\/wp-json\/wp\/v2\/users\/5"}],"replies":[{"embeddable":true,"href":"https:\/\/magazinstar.com\/index.php\/wp-json\/wp\/v2\/comments?post=5103"}],"version-history":[{"count":2,"href":"https:\/\/magazinstar.com\/index.php\/wp-json\/wp\/v2\/posts\/5103\/revisions"}],"predecessor-version":[{"id":5106,"href":"https:\/\/magazinstar.com\/index.php\/wp-json\/wp\/v2\/posts\/5103\/revisions\/5106"}],"wp:featuredmedia":[{"embeddable":true,"href":"https:\/\/magazinstar.com\/index.php\/wp-json\/wp\/v2\/media\/5104"}],"wp:attachment":[{"href":"https:\/\/magazinstar.com\/index.php\/wp-json\/wp\/v2\/media?parent=5103"}],"wp:term":[{"taxonomy":"category","embeddable":true,"href":"https:\/\/magazinstar.com\/index.php\/wp-json\/wp\/v2\/categories?post=5103"},{"taxonomy":"post_tag","embeddable":true,"href":"https:\/\/magazinstar.com\/index.php\/wp-json\/wp\/v2\/tags?post=5103"}],"curies":[{"name":"wp","href":"https:\/\/api.w.org\/{rel}","templated":true}]}}