{"id":5118,"date":"2025-06-13T05:57:09","date_gmt":"2025-06-13T05:57:09","guid":{"rendered":"https:\/\/magazinstar.com\/?p=5118"},"modified":"2025-06-13T14:57:49","modified_gmt":"2025-06-13T14:57:49","slug":"zunehmende-gewalt-gegen-lgbtq-in-der-turkei-und-das-bamf-schaut-weg","status":"publish","type":"post","link":"https:\/\/magazinstar.com\/index.php\/2025\/06\/13\/zunehmende-gewalt-gegen-lgbtq-in-der-turkei-und-das-bamf-schaut-weg\/","title":{"rendered":"Zunehmende Gewalt gegen LGBTQ+ in der T\u00fcrkei \u2013 und das BAMF schaut weg"},"content":{"rendered":"<p data-start=\"276\" data-end=\"678\"><strong data-start=\"276\" data-end=\"411\">In der T\u00fcrkei versch\u00e4rfen sich die Hassrede und die diskriminierenden Ma\u00dfnahmen der Regierung gegen die LGBTQ+-Community zunehmend.<\/strong> Das Familienministerium hat k\u00fcrzlich sogar eine Rundverf\u00fcgung herausgegeben, die die Verwendung des Begriffs \u201eLGBTQ+\u201c in offiziellen und \u00f6ffentlichen Kontexten untersagt. Es existieren keinerlei Gesetze, die queere Menschen sch\u00fctzen \u2013 und das hat verheerende Folgen.<\/p>\n<p data-start=\"680\" data-end=\"1137\">T\u00e4glich mehren sich Gewalttaten, \u00dcbergriffe und sogar Morde an queeren Personen in verschiedenen Teilen des Landes. In einem ersch\u00fctternden Video ist zu sehen, wie ein junger Mann brutal zusammengeschlagen wird, nachdem bekannt wurde, dass er eine homosexuelle Beziehung hatte. Die T\u00e4ter bezeichnen ihn als \u201eMitglied des Volkes von Lot\u201c, schlagen ihn voller Hass und Rachsucht \u2013 und k\u00fcndigen an, auch seinen Partner aufzusp\u00fcren und ebenfalls zu misshandeln.<\/p>\n<p data-start=\"1139\" data-end=\"1610\"><strong data-start=\"1139\" data-end=\"1286\">Doch das BAMF (Bundesamt f\u00fcr Migration und Fl\u00fcchtlinge) in Deutschland verweigert t\u00fcrkischen LGBTQ+-Gefl\u00fcchteten weiterhin systematisch Schutz.<\/strong> Statt die reale Gefahr anzuerkennen, verlangt es absurde Beweise wie: \u201eWurden Sie pers\u00f6nlich angegriffen?\u201c oder \u201eK\u00f6nnen Sie nachweisen, dass der Staat Sie nicht sch\u00fctzt?\u201c \u2013 als sei es in einem repressiven Staat wie der T\u00fcrkei \u00fcberhaupt m\u00f6glich, derartige Nachweise zu erbringen, ohne sich selbst in Lebensgefahr zu bringen.<\/p>\n<p data-start=\"1612\" data-end=\"1818\">Die Realit\u00e4t ist: Menschen fliehen, <strong data-start=\"1648\" data-end=\"1741\">um einem Angriff, einem Ehrenmord oder einem staatlich geduldeten Verbrechen zu entkommen<\/strong>. Sie fliehen, um zu \u00fcberleben \u2013 nicht erst, wenn sie schwer verletzt wurden.<\/p>\n<p data-start=\"1820\" data-end=\"2171\"><strong data-start=\"1820\" data-end=\"1939\">Das BAMF Hamburg hat k\u00fcrzlich einem queeren Paar aus der T\u00fcrkei \u2013 zwei Journalist*innen \u2013 den Asylantrag abgelehnt.<\/strong> Diese Entscheidung ist willk\u00fcrlich, rechtswidrig und widerspricht dem Geist der Menschenrechte. Muss dieses Paar tats\u00e4chlich erst zur\u00fcck in die T\u00fcrkei, Gewalt erleiden oder gar ermordet werden, damit ihre Angst ernst genommen wird?<\/p>\n<p data-start=\"2173\" data-end=\"2272\">Wir fragen das BAMF: <strong data-start=\"2194\" data-end=\"2272\">Ist die LGBTQ+-Community in der T\u00fcrkei Ihrer Meinung nach wirklich sicher?<\/strong><\/p>\n<p data-start=\"2274\" data-end=\"2520\">Zahlreiche Berichte internationaler Menschenrechtsorganisationen dokumentieren das Gegenteil. Trotzdem wird vielen queeren Gefl\u00fcchteten aus der T\u00fcrkei der Schutz in Deutschland verweigert \u2013 <strong data-start=\"2464\" data-end=\"2520\">aus b\u00fcrokratischem Zynismus oder politischem Kalk\u00fcl.<\/strong><\/p>\n<p data-start=\"2522\" data-end=\"2789\"><strong data-start=\"2522\" data-end=\"2651\">Die BAMF-Entscheidung ist weder wohlwollend noch gerecht. Sie ist ein Akt der Ignoranz gegen\u00fcber einer verfolgten Minderheit.<\/strong> Es ist h\u00f6chste Zeit, dass diese Praxis \u00fcberdacht und gestoppt wird. Das Leben und die W\u00fcrde von LGBTQ+-Gefl\u00fcchteten stehen auf dem Spiel.<\/p>\n<p data-start=\"2522\" data-end=\"2789\">\n<p><iframe loading=\"lazy\" title=\"Zunehmende Gewalt gegen LGBTQ+-Community in der T\u00fcrkei\" width=\"640\" height=\"480\" src=\"https:\/\/www.youtube.com\/embed\/FdM9R0gsgOk?feature=oembed\" frameborder=\"0\" allow=\"accelerometer; autoplay; clipboard-write; encrypted-media; gyroscope; picture-in-picture; web-share\" referrerpolicy=\"strict-origin-when-cross-origin\" allowfullscreen><\/iframe><\/p>\n","protected":false},"excerpt":{"rendered":"<p>In der T\u00fcrkei versch\u00e4rfen sich die Hassrede und die diskriminierenden Ma\u00dfnahmen der Regierung gegen die LGBTQ+-Community zunehmend. Das Familienministerium hat k\u00fcrzlich sogar eine Rundverf\u00fcgung herausgegeben, die die Verwendung des Begriffs \u201eLGBTQ+\u201c in offiziellen und \u00f6ffentlichen Kontexten untersagt. Es existieren keinerlei Gesetze, die queere Menschen sch\u00fctzen \u2013 und das hat verheerende Folgen. T\u00e4glich mehren sich Gewalttaten, [&hellip;]<\/p>\n","protected":false},"author":5,"featured_media":5119,"comment_status":"open","ping_status":"open","sticky":false,"template":"","format":"standard","meta":{"googlesitekit_rrm_CAowy76-DA:productID":"","footnotes":""},"categories":[71,194],"tags":[148,220,151,219,217,164,94,83,218,221],"class_list":["post-5118","post","type-post","status-publish","format-standard","has-post-thumbnail","hentry","category-queer-voice","category-tum-haberler","tag-bamf","tag-bamf-hamburg","tag-deutschland","tag-friedrich-merz","tag-gay","tag-germany","tag-hamburg","tag-lgbtq","tag-turkei","tag-verwaltungsgericht-hamburg"],"_links":{"self":[{"href":"https:\/\/magazinstar.com\/index.php\/wp-json\/wp\/v2\/posts\/5118","targetHints":{"allow":["GET"]}}],"collection":[{"href":"https:\/\/magazinstar.com\/index.php\/wp-json\/wp\/v2\/posts"}],"about":[{"href":"https:\/\/magazinstar.com\/index.php\/wp-json\/wp\/v2\/types\/post"}],"author":[{"embeddable":true,"href":"https:\/\/magazinstar.com\/index.php\/wp-json\/wp\/v2\/users\/5"}],"replies":[{"embeddable":true,"href":"https:\/\/magazinstar.com\/index.php\/wp-json\/wp\/v2\/comments?post=5118"}],"version-history":[{"count":3,"href":"https:\/\/magazinstar.com\/index.php\/wp-json\/wp\/v2\/posts\/5118\/revisions"}],"predecessor-version":[{"id":5126,"href":"https:\/\/magazinstar.com\/index.php\/wp-json\/wp\/v2\/posts\/5118\/revisions\/5126"}],"wp:featuredmedia":[{"embeddable":true,"href":"https:\/\/magazinstar.com\/index.php\/wp-json\/wp\/v2\/media\/5119"}],"wp:attachment":[{"href":"https:\/\/magazinstar.com\/index.php\/wp-json\/wp\/v2\/media?parent=5118"}],"wp:term":[{"taxonomy":"category","embeddable":true,"href":"https:\/\/magazinstar.com\/index.php\/wp-json\/wp\/v2\/categories?post=5118"},{"taxonomy":"post_tag","embeddable":true,"href":"https:\/\/magazinstar.com\/index.php\/wp-json\/wp\/v2\/tags?post=5118"}],"curies":[{"name":"wp","href":"https:\/\/api.w.org\/{rel}","templated":true}]}}