{"id":5134,"date":"2025-06-13T18:26:38","date_gmt":"2025-06-13T18:26:38","guid":{"rendered":"https:\/\/magazinstar.com\/?p=5134"},"modified":"2025-06-13T18:30:38","modified_gmt":"2025-06-13T18:30:38","slug":"askta-yukseklere-ucan-ikili-jonny-ve-ben-finch-brown-stuttgartta","status":"publish","type":"post","link":"https:\/\/magazinstar.com\/index.php\/2025\/06\/13\/askta-yukseklere-ucan-ikili-jonny-ve-ben-finch-brown-stuttgartta\/","title":{"rendered":"A\u015fkta Y\u00fckseklere U\u00e7an \u0130kili: Jonny ve Ben Finch-Brown Stuttgart\u2019ta!"},"content":{"rendered":"<p data-start=\"73\" data-end=\"470\">Birbirlerine olan a\u015fklar\u0131n\u0131 hem g\u00f6ky\u00fcz\u00fcne hem de sahneye ta\u015f\u0131yan Jonny ve Ben Finch-Brown, \u0130ngiltere\u2019den gelen ola\u011fan\u00fcst\u00fc bir \u00e7ift. On y\u0131l\u0131 a\u015fk\u0131n s\u00fcredir birlikte olan bu e\u015fcinsel ikili, hem \u00f6zel ya\u015famlar\u0131nda hem de sahnede ayr\u0131lmaz bir b\u00fct\u00fcn. Akrobatik yeteneklerini sirk, burlesk ve kabareyle harmanlad\u0131klar\u0131 etkileyici g\u00f6sterileri \u201cSmooch!\u201d ile \u015fu s\u0131ralar Stuttgart\u2019ta izleyiciyle bulu\u015fuyorlar.<\/p>\n<p data-start=\"472\" data-end=\"503\"><strong data-start=\"472\" data-end=\"503\">A\u015fklar\u0131 \u00e7ocuk ya\u015fta ba\u015flad\u0131<\/strong><\/p>\n<p data-start=\"505\" data-end=\"1007\">Jonny ve Ben\u2019in hik\u00e2yesi asl\u0131nda \u00e7ocukluklar\u0131na dayan\u0131yor. \u0130kili sekiz ya\u015f\u0131ndayken jimnastik yar\u0131\u015fmalar\u0131nda tan\u0131\u015ft\u0131 ve her y\u0131l ulusal turnuvalarda bir araya geldi. Y\u0131llar sonra Londra\u2019daki bir sirk okulunda yeniden kar\u015f\u0131la\u015ft\u0131lar ve 2011\u2019de sevgili oldular. Dokuz y\u0131l \u00f6nce de evlendiler. \u201cKariyerimizi yaln\u0131z ge\u00e7irmemek, ayn\u0131 zamanda uzak mesafe ili\u015fkisi y\u00fcr\u00fctmemek i\u00e7in sahnede bir ikili olu\u015fturduk,\u201d diyorlar. Her ne kadar ufak tefek tart\u0131\u015fmalar ya\u015fansa da, yarat\u0131c\u0131 hedeflerde tam bir uyum i\u00e7indeler.<\/p>\n<p data-start=\"505\" data-end=\"1007\"><img loading=\"lazy\" decoding=\"async\" class=\"alignnone size-medium wp-image-5135\" src=\"https:\/\/magazinstar.com\/wp-content\/uploads\/2025\/06\/little-finch-3-200x300.webp\" alt=\"\" width=\"200\" height=\"300\" srcset=\"https:\/\/magazinstar.com\/wp-content\/uploads\/2025\/06\/little-finch-3-200x300.webp 200w, https:\/\/magazinstar.com\/wp-content\/uploads\/2025\/06\/little-finch-3.webp 420w\" sizes=\"auto, (max-width: 200px) 100vw, 200px\" \/><\/p>\n<p data-start=\"1009\" data-end=\"1056\"><strong data-start=\"1009\" data-end=\"1056\">Moda ve sahne d\u00fcnyas\u0131n\u0131n kesi\u015fti\u011fi noktalar<\/strong><\/p>\n<p data-start=\"1058\" data-end=\"1556\">\u0130kilinin kariyerinde \u00f6ne \u00e7\u0131kan anlar saymakla bitmiyor. Berlin\u2019in \u00fcnl\u00fc Friedrichstadt Palast tiyatrosunda Jean-Paul Gaultier\u2019in kost\u00fcmleriyle sahneye \u00e7\u0131kt\u0131lar, Portofino\u2019daki Dolce &amp; Gabbana defilesinde performans sergilediler, Singapur\u2019da alt\u0131 ay boyunca g\u00f6steri yapt\u0131lar ve Royal Albert Hall\u2019da English National Ballet\u2019nin \u2018Ku\u011fu G\u00f6l\u00fc\u2019 g\u00f6sterisinde yer ald\u0131lar. Ancak Stuttgart\u2019taki Friedrichsbau Variet\u00e9\u2019nin kendilerine ilk \u015fans\u0131 veren tiyatro oldu\u011funu vurguluyorlar: \u201cBu bizim i\u00e7in \u00e7ok anlaml\u0131.\u201d<\/p>\n<p data-start=\"1558\" data-end=\"1589\"><strong data-start=\"1558\" data-end=\"1589\">A\u015fk, sahnede de vazge\u00e7ilmez<\/strong><\/p>\n<p data-start=\"1591\" data-end=\"1840\">G\u00f6sterilerinde a\u015fk\u0131 ve cinselli\u011fi sorgulayan ikili, tiyatro sahnelerinde bu temalar\u0131n daha \u00e7ok yer bulmas\u0131 gerekti\u011fine inan\u0131yor: \u201cPerformans da seks gibidir. Ger\u00e7ek de\u011filse seyirci bunu hisseder ve tekrar gelmez. Biz hi\u00e7bir \u015feyi sahte yapm\u0131yoruz.\u201d<\/p>\n<p data-start=\"1842\" data-end=\"1872\"><strong data-start=\"1842\" data-end=\"1872\">A\u015fk\u0131 taze tutman\u0131n yollar\u0131<\/strong><\/p>\n<p data-start=\"1874\" data-end=\"2133\">Peki, her an\u0131 birlikte ge\u00e7iren bu \u00e7ift, ili\u015fkilerini nas\u0131l taze tutuyor? Cevaplar\u0131 samimi ve i\u00e7ten: \u201cBirlikte seyahat etmek, sadece biz ve k\u00f6pe\u011fimizle vakit ge\u00e7irmek, i\u015ften uzakla\u015fmak \u00e7ok \u00f6nemli. Biraz da yaramaz i\u00e7 \u00e7ama\u015f\u0131rlar\u0131 i\u015fe yar\u0131yor!\u201d diyorlar g\u00fclerek.<\/p>\n<p data-start=\"2135\" data-end=\"2157\"><strong data-start=\"2135\" data-end=\"2157\">Kuir bir ekip ruhu<\/strong><\/p>\n<p data-start=\"2159\" data-end=\"2375\">G\u00f6sterilerinde \u00e7al\u0131\u015fan ekiplerinin b\u00fcy\u00fck b\u00f6l\u00fcm\u00fc LGBTIQ+ bireylerden olu\u015fuyor. Bu da projelerine ayr\u0131 bir dayan\u0131\u015fma ruhu kat\u0131yor: \u201cHayattaki m\u00fccadelelerimizi se\u00e7mi\u015f insanlar\u0131z. Bu bizi daha kararl\u0131 ve uyumlu k\u0131l\u0131yor.\u201d<\/p>\n<p data-start=\"2377\" data-end=\"2427\"><strong data-start=\"2377\" data-end=\"2427\">Londra\u2019da queer ya\u015fam: Hem \u00f6zg\u00fcrl\u00fck hem tehdit<\/strong><\/p>\n<p data-start=\"2429\" data-end=\"2760\">\u0130ngiltere\u2019nin ba\u015fkenti Londra\u2019da ya\u015famak genelde \u00f6zg\u00fcrl\u00fck sunsa da, Jonny ve Ben de zaman zaman homofobik \u015fiddete maruz kalm\u0131\u015f. \u201cH\u00e2l\u00e2 zorlay\u0131c\u0131 zamanlardan ge\u00e7iyoruz. Haklar\u0131m\u0131z\u0131 geri almaya y\u00f6nelik bask\u0131lar artsa da, bu bizi daha da g\u00fc\u00e7lendiriyor. A\u015fk herkes i\u00e7indir ve biz buraday\u0131z, hi\u00e7bir yere gitmiyoruz!\u201d mesaj\u0131n\u0131 veriyorlar.<\/p>\n<p data-start=\"2762\" data-end=\"2906\">Jonny ve Ben Finch-Brown\u2019\u0131n g\u00f6sterisi \u201cSmooch!\u201d \u015fu s\u0131ralar Stuttgart\u2019ta Friedrichsbau Variet\u00e9 sahnesinde izleyicileri b\u00fcy\u00fclemeye devam ediyor.<\/p>\n","protected":false},"excerpt":{"rendered":"<p>Birbirlerine olan a\u015fklar\u0131n\u0131 hem g\u00f6ky\u00fcz\u00fcne hem de sahneye ta\u015f\u0131yan Jonny ve Ben Finch-Brown, \u0130ngiltere\u2019den gelen ola\u011fan\u00fcst\u00fc bir \u00e7ift. On y\u0131l\u0131 a\u015fk\u0131n s\u00fcredir birlikte olan bu e\u015fcinsel ikili, hem \u00f6zel ya\u015famlar\u0131nda hem de sahnede ayr\u0131lmaz bir b\u00fct\u00fcn. Akrobatik yeteneklerini sirk, burlesk ve kabareyle harmanlad\u0131klar\u0131 etkileyici g\u00f6sterileri \u201cSmooch!\u201d ile \u015fu s\u0131ralar Stuttgart\u2019ta izleyiciyle bulu\u015fuyorlar. A\u015fklar\u0131 \u00e7ocuk ya\u015fta [&hellip;]<\/p>\n","protected":false},"author":5,"featured_media":5136,"comment_status":"open","ping_status":"open","sticky":false,"template":"","format":"standard","meta":{"googlesitekit_rrm_CAowy76-DA:productID":"","footnotes":""},"categories":[70,194],"tags":[],"class_list":["post-5134","post","type-post","status-publish","format-standard","has-post-thumbnail","hentry","category-pride-magazin","category-tum-haberler"],"_links":{"self":[{"href":"https:\/\/magazinstar.com\/index.php\/wp-json\/wp\/v2\/posts\/5134","targetHints":{"allow":["GET"]}}],"collection":[{"href":"https:\/\/magazinstar.com\/index.php\/wp-json\/wp\/v2\/posts"}],"about":[{"href":"https:\/\/magazinstar.com\/index.php\/wp-json\/wp\/v2\/types\/post"}],"author":[{"embeddable":true,"href":"https:\/\/magazinstar.com\/index.php\/wp-json\/wp\/v2\/users\/5"}],"replies":[{"embeddable":true,"href":"https:\/\/magazinstar.com\/index.php\/wp-json\/wp\/v2\/comments?post=5134"}],"version-history":[{"count":2,"href":"https:\/\/magazinstar.com\/index.php\/wp-json\/wp\/v2\/posts\/5134\/revisions"}],"predecessor-version":[{"id":5139,"href":"https:\/\/magazinstar.com\/index.php\/wp-json\/wp\/v2\/posts\/5134\/revisions\/5139"}],"wp:featuredmedia":[{"embeddable":true,"href":"https:\/\/magazinstar.com\/index.php\/wp-json\/wp\/v2\/media\/5136"}],"wp:attachment":[{"href":"https:\/\/magazinstar.com\/index.php\/wp-json\/wp\/v2\/media?parent=5134"}],"wp:term":[{"taxonomy":"category","embeddable":true,"href":"https:\/\/magazinstar.com\/index.php\/wp-json\/wp\/v2\/categories?post=5134"},{"taxonomy":"post_tag","embeddable":true,"href":"https:\/\/magazinstar.com\/index.php\/wp-json\/wp\/v2\/tags?post=5134"}],"curies":[{"name":"wp","href":"https:\/\/api.w.org\/{rel}","templated":true}]}}