{"id":5153,"date":"2025-06-15T16:24:49","date_gmt":"2025-06-15T16:24:49","guid":{"rendered":"https:\/\/magazinstar.com\/?p=5153"},"modified":"2025-06-15T16:24:49","modified_gmt":"2025-06-15T16:24:49","slug":"yeni-normal-pforzheimde-csdye-neonazi-saldirisi","status":"publish","type":"post","link":"https:\/\/magazinstar.com\/index.php\/2025\/06\/15\/yeni-normal-pforzheimde-csdye-neonazi-saldirisi\/","title":{"rendered":"Yeni Normal: Pforzheim&#8217;de CSD&#8217;ye Neonazi Sald\u0131r\u0131s\u0131"},"content":{"rendered":"<article class=\"text-token-text-primary w-full\" dir=\"auto\" data-testid=\"conversation-turn-2\" data-scroll-anchor=\"true\">\n<div class=\"text-base my-auto mx-auto py-5 [--thread-content-margin:--spacing(4)] @[37rem]:[--thread-content-margin:--spacing(6)] @[72rem]:[--thread-content-margin:--spacing(16)] px-(--thread-content-margin)\">\n<div class=\"[--thread-content-max-width:32rem] @[34rem]:[--thread-content-max-width:40rem] @[64rem]:[--thread-content-max-width:48rem] mx-auto flex max-w-(--thread-content-max-width) flex-1 text-base gap-4 md:gap-5 lg:gap-6 group\/turn-messages focus-visible:outline-hidden\" tabindex=\"-1\">\n<div class=\"group\/conversation-turn relative flex w-full min-w-0 flex-col agent-turn\">\n<div class=\"relative flex-col gap-1 md:gap-3\">\n<div class=\"flex max-w-full flex-col grow\">\n<div class=\"min-h-8 text-message relative flex w-full flex-col items-end gap-2 text-start break-words whitespace-normal [.text-message+&amp;]:mt-5\" dir=\"auto\" data-message-author-role=\"assistant\" data-message-id=\"e136ef4a-5b3b-4434-ac16-72144d87c058\" data-message-model-slug=\"gpt-4o\">\n<div class=\"flex w-full flex-col gap-1 empty:hidden first:pt-[3px]\">\n<div class=\"markdown prose dark:prose-invert w-full break-words light\">\n<p data-start=\"56\" data-end=\"437\">Almanya&#8217;n\u0131n Pforzheim kentinde Cumartesi g\u00fcn\u00fc ger\u00e7ekle\u015ftirilen Onur Y\u00fcr\u00fcy\u00fc\u015f\u00fc (Christopher Street Day &#8211; CSD) etkinli\u011fine yakla\u015f\u0131k 90 Neonazi sald\u0131rgan bir \u015fekilde kar\u015f\u0131 g\u00f6steri d\u00fczenledi. &#8220;LGBTQ sa\u00e7mal\u0131\u011f\u0131na&#8221; kar\u015f\u0131 sloganlar atan grup, etkinli\u011fi baltalamaya \u00e7al\u0131\u015fsa da yakla\u015f\u0131k 1.500 ki\u015filik queer toplulu\u011fu ve destek\u00e7ileri sokak festivalini b\u00fcy\u00fck \u00f6l\u00e7\u00fcde g\u00fcven i\u00e7inde ger\u00e7ekle\u015ftirdi.<\/p>\n<p data-start=\"439\" data-end=\"694\">Etkinlik, &#8220;Spotlight&#8221; adl\u0131 yerel queer inisiyatif taraf\u0131ndan &#8220;Sessiz kalma, isyan et!&#8221; slogan\u0131yla d\u00fczenlendi. Ancak kentin CDU\u2019lu Belediye Ba\u015fkan\u0131 Peter Boch, etkinli\u011fe destek vermeyi reddederek belediye binas\u0131na g\u00f6kku\u015fa\u011f\u0131 bayra\u011f\u0131 as\u0131lmas\u0131na izin vermedi.<\/p>\n<h3 data-start=\"696\" data-end=\"745\">Neonaziler \u201cGeleneksel De\u011ferler\u201d Ad\u0131na Y\u00fcr\u00fcd\u00fc<\/h3>\n<p data-start=\"747\" data-end=\"1241\">Aylar \u00f6ncesinden &#8220;Der St\u00f6rtrupp&#8221; (DST) adl\u0131 Neonazi grubunun sosyal medya \u00fczerinden yapt\u0131\u011f\u0131 \u00e7a\u011fr\u0131lar sonucu, Cumartesi g\u00fcn\u00fc 90 Neonazi &#8220;\u00e7ocuklar\u0131n erken cinselle\u015ftirilmesine kar\u015f\u0131 ve geleneksel aile yap\u0131s\u0131 i\u00e7in&#8221; y\u00fcr\u00fcd\u00fc. Grubun ba\u015f\u0131n\u0131 \u00e7eken ki\u015fi ise Th\u00fcringen\u2019den gelen, a\u015f\u0131r\u0131 sa\u011fc\u0131 &#8220;Die Heimat&#8221; partisinden tan\u0131nan Neonazi Christian Klar\u2019d\u0131. Klar, megafonla yapt\u0131\u011f\u0131 konu\u015fmada CSD\u2019leri hedef ald\u0131: &#8220;Her hafta sonu \u00fc\u00e7 be\u015f tane CSD varsa, buna kar\u015f\u0131 durmak gerekir. Gerekirse be\u015f ki\u015fiyle de olsa.&#8221;<\/p>\n<p data-start=\"1243\" data-end=\"1535\">Etkinli\u011fe kat\u0131lan Neonaziler, LGBTQ+ bireyleri hedef alan nefret s\u00f6ylemleriyle dikkat \u00e7ekti. Klar, queer toplulu\u011funu &#8220;pislik&#8221; olarak tan\u0131mlarken, \u00f6zellikle \u201cPuppy Play\u201d k\u00fclt\u00fcr\u00fcne ait bireyleri kastederek \u201cDikkat etsinler, toplan\u0131p bar\u0131na\u011fa g\u00f6t\u00fcr\u00fcl\u00fcp itlaf edilmesinler,\u201d ifadelerini kulland\u0131.<\/p>\n<h3 data-start=\"1537\" data-end=\"1580\">Provokatif Semboller ve Organize Nefret<\/h3>\n<p data-start=\"1582\" data-end=\"1960\">G\u00f6stericiler aras\u0131nda Avusturyal\u0131 a\u015f\u0131r\u0131 sa\u011fc\u0131 grup &#8220;Black Elite Brotherhood&#8221;a ait semboller, Reich kartallar\u0131 ve sald\u0131r\u0131 silahlar\u0131n\u0131n yer ald\u0131\u011f\u0131 ti\u015f\u00f6rtler dikkat \u00e7ekti. Baz\u0131lar\u0131 ise kendilerini \u201cAnti-Antifascist Action\u201d anlam\u0131na gelen \u201c1161-Crew\u201d olarak tan\u0131tt\u0131. Organizat\u00f6rler, medya varl\u0131\u011f\u0131 nedeniyle kat\u0131l\u0131mc\u0131lara Nazi selam\u0131 gibi el hareketlerinden ka\u00e7\u0131nmalar\u0131n\u0131 tembihledi.<\/p>\n<p data-start=\"1962\" data-end=\"2559\">Neonaziler, \u00fczerinde par\u00e7alanm\u0131\u015f Antifa ve Progress Pride bayraklar\u0131n\u0131n bulundu\u011fu \u201cDeutsche Jugend Pforzheim\u201d pankart\u0131yla y\u00fcr\u00fcy\u00fc\u015fe ba\u015flad\u0131. Ellerindeki d\u00f6vizlerde ise &#8220;\u00d6nce evlilik ve aile! Gender ideolojisine dur!&#8221; gibi mesajlar vard\u0131. At\u0131lan sloganlar aras\u0131nda \u201cAnne, baba \u2013 kad\u0131n ve erkekle ba\u015flar vatan\u201d, \u201c\u00c7ocuklar\u0131 korumak Tanr\u0131\u2019n\u0131n emridir, bu alanda gender sapk\u0131nl\u0131\u011f\u0131na yer yok\u201d gibi queer kar\u015f\u0131t\u0131 ifadeler yer ald\u0131. Eylemin sonunda klasik Neonazi sloganlar\u0131 duyuldu: &#8220;B\u00fct\u00fcn Antifa\u2019lar domuzdur&#8221;, &#8220;Antifa orospu \u00e7ocuklar\u0131&#8221;, &#8220;Burada ulusal direni\u015f y\u00fcr\u00fcyor&#8221;, &#8220;Almanya\u2019y\u0131 sevmeyen terk etsin!&#8221;<\/p>\n<h3 data-start=\"2561\" data-end=\"2590\">CSD Kat\u0131l\u0131mc\u0131lar\u0131 Y\u0131lmad\u0131<\/h3>\n<p data-start=\"2592\" data-end=\"2954\">T\u00fcm bu sald\u0131rgan s\u00f6ylem ve g\u00f6zda\u011f\u0131na ra\u011fmen, yakla\u015f\u0131k 1.500 ki\u015filik kat\u0131l\u0131m\u0131n oldu\u011fu CSD etkinli\u011fi kararl\u0131l\u0131kla ger\u00e7ekle\u015ftirildi. Organizat\u00f6rler, g\u00fcvenli\u011fi art\u0131rarak queer bireyler i\u00e7in bir \u201cg\u00fcvenli alan\u201d yaratma hedefini b\u00fcy\u00fck \u00f6l\u00e7\u00fcde ger\u00e7ekle\u015ftirdi. Ayr\u0131ca bir\u00e7ok antifaschist grup da dayan\u0131\u015fma amac\u0131yla \u015fehir d\u0131\u015f\u0131ndan Pforzheim\u2019a gelerek kar\u015f\u0131 duru\u015f sergiledi.<\/p>\n<p data-start=\"2956\" data-end=\"3234\" data-is-last-node=\"\" data-is-only-node=\"\">Bu olay, Almanya&#8217;daki CSD etkinliklerine y\u00f6nelik artan a\u015f\u0131r\u0131 sa\u011fc\u0131 provokasyonlar\u0131n tehlikeli boyutlara ula\u015ft\u0131\u011f\u0131n\u0131 bir kez daha g\u00f6steriyor. Ancak queer topluluklar ve destek\u00e7ileri, t\u00fcm tehditlere ra\u011fmen seslerini k\u0131smamaya ve m\u00fccadeleye devam edeceklerini a\u00e7\u0131k\u00e7a ortaya koyuyor.<\/p>\n<\/div>\n<\/div>\n<\/div>\n<\/div>\n<div class=\"flex min-h-[46px] justify-start\">\n<div class=\"touch:-me-2 touch:-ms-3.5 -ms-2.5 -me-1 flex flex-wrap items-center gap-y-4 p-1 select-none touch:w-[calc(100%+--spacing(3.5))] -mt-1 w-[calc(100%+--spacing(2.5))] duration-[1.5s] focus-within:transition-none hover:transition-none pointer-events-none [mask-image:linear-gradient(to_right,black_33%,transparent_66%)] [mask-size:300%_100%] [mask-position:100%_0%] motion-safe:transition-[mask-position] group-hover\/turn-messages:pointer-events-auto group-hover\/turn-messages:[mask-position:0_0] group-focus-within\/turn-messages:pointer-events-auto group-focus-within\/turn-messages:[mask-position:0_0] has-data-[state=open]:pointer-events-auto has-data-[state=open]:[mask-position:0_0]\"><button class=\"text-token-text-secondary hover:bg-token-bg-secondary rounded-lg\" aria-label=\"Copy\" aria-selected=\"false\" data-testid=\"copy-turn-action-button\" data-state=\"closed\"><\/button><button class=\"text-token-text-secondary hover:bg-token-bg-secondary rounded-lg\" aria-label=\"Good response\" aria-selected=\"false\" data-testid=\"good-response-turn-action-button\" data-state=\"closed\"><\/button><button class=\"text-token-text-secondary hover:bg-token-bg-secondary rounded-lg\" aria-label=\"Bad response\" aria-selected=\"false\" data-testid=\"bad-response-turn-action-button\" data-state=\"closed\"><\/button><button class=\"text-token-text-secondary hover:bg-token-bg-secondary rounded-lg\" aria-label=\"Read aloud\" aria-selected=\"false\" data-testid=\"voice-play-turn-action-button\" data-state=\"closed\"><\/button><button class=\"text-token-text-secondary hover:bg-token-bg-secondary rounded-lg\" aria-label=\"Edit in canvas\" aria-selected=\"false\" data-state=\"closed\"><\/button><\/p>\n<div class=\"flex items-center\"><\/div>\n<\/div>\n<\/div>\n<div class=\"mt-3 w-full empty:hidden\">\n<div class=\"text-center\"><\/div>\n<\/div>\n<\/div>\n<div class=\"absolute\">\n<div class=\"flex items-center justify-center\"><\/div>\n<\/div>\n<\/div>\n<\/div>\n<\/div>\n<\/article>\n<div class=\"pointer-events-none h-px w-px\" aria-hidden=\"true\" data-edge=\"true\"><\/div>\n","protected":false},"excerpt":{"rendered":"<p>Almanya&#8217;n\u0131n Pforzheim kentinde Cumartesi g\u00fcn\u00fc ger\u00e7ekle\u015ftirilen Onur Y\u00fcr\u00fcy\u00fc\u015f\u00fc (Christopher Street Day &#8211; CSD) etkinli\u011fine yakla\u015f\u0131k 90 Neonazi sald\u0131rgan bir \u015fekilde kar\u015f\u0131 g\u00f6steri d\u00fczenledi. &#8220;LGBTQ sa\u00e7mal\u0131\u011f\u0131na&#8221; kar\u015f\u0131 sloganlar atan grup, etkinli\u011fi baltalamaya \u00e7al\u0131\u015fsa da yakla\u015f\u0131k 1.500 ki\u015filik queer toplulu\u011fu ve destek\u00e7ileri sokak festivalini b\u00fcy\u00fck \u00f6l\u00e7\u00fcde g\u00fcven i\u00e7inde ger\u00e7ekle\u015ftirdi. Etkinlik, &#8220;Spotlight&#8221; adl\u0131 yerel queer inisiyatif taraf\u0131ndan &#8220;Sessiz [&hellip;]<\/p>\n","protected":false},"author":5,"featured_media":5154,"comment_status":"open","ping_status":"open","sticky":false,"template":"","format":"standard","meta":{"googlesitekit_rrm_CAowy76-DA:productID":"","footnotes":""},"categories":[73,194],"tags":[142,172,228,229],"class_list":["post-5153","post","type-post","status-publish","format-standard","has-post-thumbnail","hentry","category-haberler","category-tum-haberler","tag-almanya","tag-csd","tag-neo-nazi","tag-pforzheim"],"_links":{"self":[{"href":"https:\/\/magazinstar.com\/index.php\/wp-json\/wp\/v2\/posts\/5153","targetHints":{"allow":["GET"]}}],"collection":[{"href":"https:\/\/magazinstar.com\/index.php\/wp-json\/wp\/v2\/posts"}],"about":[{"href":"https:\/\/magazinstar.com\/index.php\/wp-json\/wp\/v2\/types\/post"}],"author":[{"embeddable":true,"href":"https:\/\/magazinstar.com\/index.php\/wp-json\/wp\/v2\/users\/5"}],"replies":[{"embeddable":true,"href":"https:\/\/magazinstar.com\/index.php\/wp-json\/wp\/v2\/comments?post=5153"}],"version-history":[{"count":1,"href":"https:\/\/magazinstar.com\/index.php\/wp-json\/wp\/v2\/posts\/5153\/revisions"}],"predecessor-version":[{"id":5155,"href":"https:\/\/magazinstar.com\/index.php\/wp-json\/wp\/v2\/posts\/5153\/revisions\/5155"}],"wp:featuredmedia":[{"embeddable":true,"href":"https:\/\/magazinstar.com\/index.php\/wp-json\/wp\/v2\/media\/5154"}],"wp:attachment":[{"href":"https:\/\/magazinstar.com\/index.php\/wp-json\/wp\/v2\/media?parent=5153"}],"wp:term":[{"taxonomy":"category","embeddable":true,"href":"https:\/\/magazinstar.com\/index.php\/wp-json\/wp\/v2\/categories?post=5153"},{"taxonomy":"post_tag","embeddable":true,"href":"https:\/\/magazinstar.com\/index.php\/wp-json\/wp\/v2\/tags?post=5153"}],"curies":[{"name":"wp","href":"https:\/\/api.w.org\/{rel}","templated":true}]}}