{"id":5162,"date":"2025-06-15T16:39:30","date_gmt":"2025-06-15T16:39:30","guid":{"rendered":"https:\/\/magazinstar.com\/?p=5162"},"modified":"2025-06-15T16:39:30","modified_gmt":"2025-06-15T16:39:30","slug":"turk-sinemasindan-sanghay-cikarmasi-iki-ilk-film-dunya-promiyerinde","status":"publish","type":"post","link":"https:\/\/magazinstar.com\/index.php\/2025\/06\/15\/turk-sinemasindan-sanghay-cikarmasi-iki-ilk-film-dunya-promiyerinde\/","title":{"rendered":"T\u00fcrk Sinemas\u0131ndan \u015eanghay \u00c7\u0131karmas\u0131: \u0130ki \u0130lk Film D\u00fcnya Pr\u00f6miyerinde"},"content":{"rendered":"<article class=\"text-token-text-primary w-full\" dir=\"auto\" data-testid=\"conversation-turn-6\" data-scroll-anchor=\"true\">\n<div class=\"text-base my-auto mx-auto py-5 [--thread-content-margin:--spacing(4)] @[37rem]:[--thread-content-margin:--spacing(6)] @[72rem]:[--thread-content-margin:--spacing(16)] px-(--thread-content-margin)\">\n<div class=\"[--thread-content-max-width:32rem] @[34rem]:[--thread-content-max-width:40rem] @[64rem]:[--thread-content-max-width:48rem] mx-auto flex max-w-(--thread-content-max-width) flex-1 text-base gap-4 md:gap-5 lg:gap-6 group\/turn-messages focus-visible:outline-hidden\" tabindex=\"-1\">\n<div class=\"group\/conversation-turn relative flex w-full min-w-0 flex-col agent-turn\">\n<div class=\"relative flex-col gap-1 md:gap-3\">\n<div class=\"flex max-w-full flex-col grow\">\n<div class=\"min-h-8 text-message relative flex w-full flex-col items-end gap-2 text-start break-words whitespace-normal [.text-message+&amp;]:mt-5\" dir=\"auto\" data-message-author-role=\"assistant\" data-message-id=\"bc7f72ad-05c7-4cd5-8c89-dddfb945b4fb\" data-message-model-slug=\"gpt-4o\">\n<div class=\"flex w-full flex-col gap-1 empty:hidden first:pt-[3px]\">\n<div class=\"markdown prose dark:prose-invert w-full break-words light\">\n<p data-start=\"74\" data-end=\"399\">K\u00fclt\u00fcr ve Turizm Bakanl\u0131\u011f\u0131\u2019n\u0131n deste\u011fiyle iki T\u00fcrk filmi, Asya\u2019n\u0131n prestijli sinema etkinliklerinden biri olan 27. \u015eanghay Uluslararas\u0131 Film Festivali\u2019nde T\u00fcrkiye\u2019yi temsil ediyor. Festivalin \u201cAsian New Talents\u201d (Asya\u2019n\u0131n Yeni Yetenekleri) b\u00f6l\u00fcm\u00fcne se\u00e7ilen yap\u0131mlar, hem i\u00e7erikleri hem de yarat\u0131c\u0131 ekipleriyle dikkat \u00e7ekiyor.<\/p>\n<p data-start=\"401\" data-end=\"836\">Ensar Altay\u2019\u0131n ilk uzun metrajl\u0131 kurmaca filmi <strong data-start=\"448\" data-end=\"459\">\u201cKanto\u201d<\/strong>, d\u00fcnya pr\u00f6miyerini \u015eanghay\u2019da ger\u00e7ekle\u015ftirdi. Belgesel ge\u00e7mi\u015fiyle tan\u0131nan Altay, bu kez ya\u015fl\u0131 bir kad\u0131n\u0131n gizemli kaybolu\u015funu ve \u00e7evresindeki insanlar\u0131n sessizli\u011fini ele al\u0131yor. Ba\u015frollerde Didem \u0130nselel, Sinan Albayrak, Ece Ba\u011fc\u0131, Y\u0131ld\u0131z K\u00fclt\u00fcr ve Z\u00fcleyha Y\u0131ld\u0131z yer al\u0131yor. \u201cKanto\u201d, daha \u00f6nce Saraybosna Film Festivali\u2019nin Cinelink Work in Progress b\u00f6l\u00fcm\u00fcnde de yer alm\u0131\u015ft\u0131.<\/p>\n<p data-start=\"838\" data-end=\"1137\">Di\u011fer T\u00fcrk yap\u0131m\u0131 <strong data-start=\"856\" data-end=\"887\">\u201cSahibinden Sat\u0131l\u0131k Rahmet\u201d<\/strong> ise y\u00f6netmen Emre Sert ve G\u00f6zde Yeti\u015fkin\u2019in ortak imzas\u0131n\u0131 ta\u015f\u0131yor. Mizahi bir dille anlat\u0131lan film, \u00c7ank\u0131r\u0131\u2019n\u0131n Yenice k\u00f6y\u00fcne d\u00fc\u015fen bir g\u00f6k ta\u015f\u0131n\u0131n ard\u0131ndan ya\u015fanan tuhaf olaylar\u0131 beyaz perdeye ta\u015f\u0131yor. Film, ayn\u0131 se\u00e7kide d\u00fcnya pr\u00f6miyerini yapacak.<\/p>\n<h3 data-start=\"1139\" data-end=\"1202\">T\u00fcrkiye\u2019ye Ayr\u0131 Bir B\u00f6l\u00fcm: Yeni Y\u00f6netmenler Sahneye \u00c7\u0131k\u0131yor<\/h3>\n<p data-start=\"1204\" data-end=\"1384\">Festivalin bu y\u0131lki program\u0131nda T\u00fcrkiye i\u00e7in \u00f6zel bir b\u00f6l\u00fcm de ayr\u0131ld\u0131. <strong data-start=\"1276\" data-end=\"1301\">\u201cT\u00fcrkiye \u00d6zel B\u00f6l\u00fcm\u00fc\u201d<\/strong> kapsam\u0131nda, gen\u00e7 y\u00f6netmenlerin vizyonunu yans\u0131tan d\u00f6rt yap\u0131m seyirciyle bulu\u015facak:<\/p>\n<ul data-start=\"1386\" data-end=\"1559\">\n<li data-start=\"1386\" data-end=\"1426\">\n<p data-start=\"1388\" data-end=\"1426\"><em data-start=\"1388\" data-end=\"1409\">\u201cAdresi Olmayan Ev\u201d<\/em> \u2013 Hatice A\u015fk\u0131n<\/p>\n<\/li>\n<li data-start=\"1427\" data-end=\"1474\">\n<p data-start=\"1429\" data-end=\"1474\"><em data-start=\"1429\" data-end=\"1453\">\u201cTav\u015fan \u0130mparatorlu\u011fu\u201d<\/em> \u2013 Seyfettin Tokmak<\/p>\n<\/li>\n<li data-start=\"1475\" data-end=\"1509\">\n<p data-start=\"1477\" data-end=\"1509\"><em data-start=\"1477\" data-end=\"1486\">\u201cHakk\u0131\u201d<\/em> \u2013 Hikmet Kerem \u00d6zcan<\/p>\n<\/li>\n<li data-start=\"1510\" data-end=\"1559\">\n<p data-start=\"1512\" data-end=\"1559\"><em data-start=\"1512\" data-end=\"1542\">\u201cG\u00fcnd\u00fcz Apollon Gece Athena\u201d<\/em> \u2013 Emine Y\u0131ld\u0131r\u0131m<\/p>\n<\/li>\n<\/ul>\n<p data-start=\"1561\" data-end=\"1691\">Bu se\u00e7ki, T\u00fcrk sinemas\u0131n\u0131n yenilik\u00e7i anlat\u0131m bi\u00e7imlerini ve tematik zenginli\u011fini uluslararas\u0131 izleyiciyle tan\u0131\u015ft\u0131rmay\u0131 hedefliyor.<\/p>\n<h3 data-start=\"1693\" data-end=\"1745\">Sekt\u00f6rel Kat\u0131l\u0131m: T\u00fcrk Sinemas\u0131na K\u00fcresel A\u00e7\u0131l\u0131m<\/h3>\n<p data-start=\"1747\" data-end=\"2015\">Ayr\u0131ca T\u00fcrkiye, 21-25 Haziran tarihlerinde ger\u00e7ekle\u015ftirilecek <strong data-start=\"1809\" data-end=\"1850\">\u015eanghay Uluslararas\u0131 Film &amp; TV Market<\/strong> etkinli\u011fine de resmi olarak kat\u0131l\u0131yor. T\u00fcrkiye stand\u0131nda yap\u0131mc\u0131lar, da\u011f\u0131t\u0131mc\u0131lar ve film profesyonelleriyle uluslararas\u0131 i\u015f birlikleri geli\u015ftirilmesi hedefleniyor.<\/p>\n<p data-start=\"2017\" data-end=\"2251\" data-is-last-node=\"\" data-is-only-node=\"\">K\u00fclt\u00fcr ve Turizm Bakanl\u0131\u011f\u0131\u2019n\u0131n \u00f6nc\u00fcl\u00fc\u011f\u00fcnde ger\u00e7ekle\u015fen bu kapsaml\u0131 kat\u0131l\u0131m, yaln\u0131zca T\u00fcrk sinemas\u0131n\u0131n k\u00fcresel g\u00f6r\u00fcn\u00fcrl\u00fc\u011f\u00fcn\u00fc art\u0131rmakla kalm\u0131yor, ayn\u0131 zamanda gen\u00e7 ve yarat\u0131c\u0131 sinemac\u0131lar\u0131n d\u00fcnya sahnesine ad\u0131m atmas\u0131n\u0131 da destekliyor.<\/p>\n<\/div>\n<\/div>\n<\/div>\n<\/div>\n<div class=\"mt-3 w-full empty:hidden\">\n<div class=\"text-center\"><\/div>\n<\/div>\n<\/div>\n<\/div>\n<\/div>\n<\/div>\n<\/article>\n<div class=\"pointer-events-none h-px w-px\" aria-hidden=\"true\" data-edge=\"true\"><\/div>\n","protected":false},"excerpt":{"rendered":"<p>K\u00fclt\u00fcr ve Turizm Bakanl\u0131\u011f\u0131\u2019n\u0131n deste\u011fiyle iki T\u00fcrk filmi, Asya\u2019n\u0131n prestijli sinema etkinliklerinden biri olan 27. \u015eanghay Uluslararas\u0131 Film Festivali\u2019nde T\u00fcrkiye\u2019yi temsil ediyor. Festivalin \u201cAsian New Talents\u201d (Asya\u2019n\u0131n Yeni Yetenekleri) b\u00f6l\u00fcm\u00fcne se\u00e7ilen yap\u0131mlar, hem i\u00e7erikleri hem de yarat\u0131c\u0131 ekipleriyle dikkat \u00e7ekiyor. Ensar Altay\u2019\u0131n ilk uzun metrajl\u0131 kurmaca filmi \u201cKanto\u201d, d\u00fcnya pr\u00f6miyerini \u015eanghay\u2019da ger\u00e7ekle\u015ftirdi. Belgesel ge\u00e7mi\u015fiyle tan\u0131nan [&hellip;]<\/p>\n","protected":false},"author":5,"featured_media":5165,"comment_status":"open","ping_status":"open","sticky":false,"template":"","format":"standard","meta":{"googlesitekit_rrm_CAowy76-DA:productID":"","footnotes":""},"categories":[194,69],"tags":[232,231,233,230],"class_list":["post-5162","post","type-post","status-publish","format-standard","has-post-thumbnail","hentry","category-tum-haberler","category-kultur-sanat","tag-cin","tag-sanghay","tag-sinema","tag-turk-sinemasi"],"_links":{"self":[{"href":"https:\/\/magazinstar.com\/index.php\/wp-json\/wp\/v2\/posts\/5162","targetHints":{"allow":["GET"]}}],"collection":[{"href":"https:\/\/magazinstar.com\/index.php\/wp-json\/wp\/v2\/posts"}],"about":[{"href":"https:\/\/magazinstar.com\/index.php\/wp-json\/wp\/v2\/types\/post"}],"author":[{"embeddable":true,"href":"https:\/\/magazinstar.com\/index.php\/wp-json\/wp\/v2\/users\/5"}],"replies":[{"embeddable":true,"href":"https:\/\/magazinstar.com\/index.php\/wp-json\/wp\/v2\/comments?post=5162"}],"version-history":[{"count":1,"href":"https:\/\/magazinstar.com\/index.php\/wp-json\/wp\/v2\/posts\/5162\/revisions"}],"predecessor-version":[{"id":5166,"href":"https:\/\/magazinstar.com\/index.php\/wp-json\/wp\/v2\/posts\/5162\/revisions\/5166"}],"wp:featuredmedia":[{"embeddable":true,"href":"https:\/\/magazinstar.com\/index.php\/wp-json\/wp\/v2\/media\/5165"}],"wp:attachment":[{"href":"https:\/\/magazinstar.com\/index.php\/wp-json\/wp\/v2\/media?parent=5162"}],"wp:term":[{"taxonomy":"category","embeddable":true,"href":"https:\/\/magazinstar.com\/index.php\/wp-json\/wp\/v2\/categories?post=5162"},{"taxonomy":"post_tag","embeddable":true,"href":"https:\/\/magazinstar.com\/index.php\/wp-json\/wp\/v2\/tags?post=5162"}],"curies":[{"name":"wp","href":"https:\/\/api.w.org\/{rel}","templated":true}]}}