{"id":5171,"date":"2025-06-15T16:56:28","date_gmt":"2025-06-15T16:56:28","guid":{"rendered":"https:\/\/magazinstar.com\/?p=5171"},"modified":"2025-06-15T16:56:28","modified_gmt":"2025-06-15T16:56:28","slug":"ajda-pekkandan-duygusal-gece-sokakta-ozgurlugum-yok-ama-sahnedeyim","status":"publish","type":"post","link":"https:\/\/magazinstar.com\/index.php\/2025\/06\/15\/ajda-pekkandan-duygusal-gece-sokakta-ozgurlugum-yok-ama-sahnedeyim\/","title":{"rendered":"Ajda Pekkan\u2019dan Duygusal Gece: &#8220;Sokakta \u00d6zg\u00fcrl\u00fc\u011f\u00fcm Yok, Ama Sahnedeyim&#8221;"},"content":{"rendered":"<p data-start=\"243\" data-end=\"541\">T\u00fcrk pop m\u00fczi\u011finin efsane ismi Ajda Pekkan, Harbiye Cemil Topuzlu A\u00e7\u0131khava Tiyatrosu\u2019nda sahneye \u00e7\u0131karak binlerce hayran\u0131na unutulmaz bir gece ya\u015fatt\u0131. \u00d6zel sahne \u015fovlar\u0131, etkileyici repertuvar\u0131 ve iki farkl\u0131 kost\u00fcm\u00fcyle izleyenleri b\u00fcy\u00fcleyen S\u00fcperstar, performans\u0131na \u0130talyanca bir par\u00e7ayla ba\u015flad\u0131.<\/p>\n<p data-start=\"543\" data-end=\"810\">Konser boyunca hit \u015fark\u0131lar\u0131n\u0131 seslendiren Pekkan, T\u00fcrk Sanat M\u00fczi\u011fi\u2019nin klasik eserlerine de repertuvar\u0131nda yer vererek farkl\u0131 ku\u015faklardan hayranlar\u0131na m\u00fczik ziyafeti sundu. Her bir \u015fark\u0131ya \u00f6zel haz\u0131rlanan dans ve teatral g\u00f6steriler ise geceye karnaval havas\u0131 katt\u0131.<\/p>\n<p data-start=\"543\" data-end=\"810\"><img loading=\"lazy\" decoding=\"async\" class=\"alignnone size-medium wp-image-5172\" src=\"https:\/\/magazinstar.com\/wp-content\/uploads\/2025\/06\/ajda-pekkan-dan-itiraf-sokakta-ozgurlugum-yok-xZQTM-229x300.jpg\" alt=\"\" width=\"229\" height=\"300\" srcset=\"https:\/\/magazinstar.com\/wp-content\/uploads\/2025\/06\/ajda-pekkan-dan-itiraf-sokakta-ozgurlugum-yok-xZQTM-229x300.jpg 229w, https:\/\/magazinstar.com\/wp-content\/uploads\/2025\/06\/ajda-pekkan-dan-itiraf-sokakta-ozgurlugum-yok-xZQTM-600x786.jpg 600w, https:\/\/magazinstar.com\/wp-content\/uploads\/2025\/06\/ajda-pekkan-dan-itiraf-sokakta-ozgurlugum-yok-xZQTM.jpg 638w\" sizes=\"auto, (max-width: 229px) 100vw, 229px\" \/><\/p>\n<hr data-start=\"812\" data-end=\"815\" \/>\n<h3 data-start=\"817\" data-end=\"861\"><strong data-start=\"821\" data-end=\"861\">Sahneye Patili Mesaj Damgas\u0131n\u0131 Vurdu<\/strong><\/h3>\n<p data-start=\"863\" data-end=\"1108\">Geceye damga vuran anlardan biri ise \u201cY\u0131k\u0131k\u201d \u015fark\u0131s\u0131 s\u0131ras\u0131nda ya\u015fand\u0131. \u015eark\u0131 s\u00f6ylenirken sahnedeki ekranda \u015fiddete u\u011fram\u0131\u015f bar\u0131nak hayvanlar\u0131n\u0131n g\u00f6r\u00fcnt\u00fcleri yans\u0131t\u0131ld\u0131. Binlerce ki\u015finin alk\u0131\u015flad\u0131\u011f\u0131 duygusal anlarda Pekkan g\u00f6zya\u015flar\u0131n\u0131 tutamad\u0131.<\/p>\n<p data-start=\"1110\" data-end=\"1332\">Sanat\u00e7\u0131, konu\u015fmas\u0131nda &#8220;Hayvanlara yap\u0131lan \u015fiddet hepimizi derinden yaral\u0131yor. Onlar bizim sessiz dostlar\u0131m\u0131z. L\u00fctfen sat\u0131n almay\u0131n, sahiplenin. Sevgi en g\u00fc\u00e7l\u00fc bar\u0131nakt\u0131r&#8221; diyerek izleyenlere duygu dolu bir \u00e7a\u011fr\u0131da bulundu.<\/p>\n<hr data-start=\"1334\" data-end=\"1337\" \/>\n<h3 data-start=\"1339\" data-end=\"1377\"><strong data-start=\"1343\" data-end=\"1377\">Darwin Teorisiyle Empati Dersi<\/strong><\/h3>\n<p data-start=\"1379\" data-end=\"1732\">S\u00f6zlerine felsefi bir derinlik de katan S\u00fcperstar, t\u00fcm canl\u0131lar\u0131n de\u011ferine vurgu yapt\u0131:<br data-start=\"1466\" data-end=\"1469\" \/>\u201cKaplumba\u011falardan kedilere kadar hepsi inan\u0131lmaz zek\u00e2ya sahip. Hepimiz canl\u0131y\u0131z. Darwin&#8217;in evrim teorisini hat\u0131rlay\u0131n; hepimiz bir yerden geldik. \u0130\u00e7imizde k\u00fc\u00e7\u00fck narsistler ta\u015f\u0131yoruz belki ama \u00f6nemli olan empati ve i\u00e7 g\u00fczellik&#8230; Bunlar bizi insan yapan de\u011ferler.\u201d<\/p>\n<hr data-start=\"1734\" data-end=\"1737\" \/>\n<h3 data-start=\"1739\" data-end=\"1772\"><strong data-start=\"1743\" data-end=\"1772\">Sokakta De\u011fil, Sahnedeyim<\/strong><\/h3>\n<p data-start=\"1774\" data-end=\"2102\">Seyircilerle sohbet ederken samimi bir itirafta da bulunan Pekkan, &#8220;Buraya geliyorum, giyiniyorum, s\u00fcsleniyorum. Eve gidince kedimle yata\u011fa uzan\u0131p televizyon izliyorum. Sokakta dola\u015fma \u00f6zg\u00fcrl\u00fc\u011f\u00fcm kalmad\u0131. Zaten art\u0131k \u00e7ok da ho\u015flanm\u0131yorum. Belki zamanla biraz sosyopat oldum, bilmiyorum&#8221; s\u00f6zleriyle farkl\u0131 bir y\u00fcz\u00fcn\u00fc de g\u00f6sterdi.<\/p>\n<hr data-start=\"2104\" data-end=\"2107\" \/>\n<h3 data-start=\"2109\" data-end=\"2141\"><strong data-start=\"2113\" data-end=\"2141\">Harbiye Ayakta Alk\u0131\u015flad\u0131<\/strong><\/h3>\n<p data-start=\"2143\" data-end=\"2418\">T\u00fcm biletleri g\u00fcnler \u00f6ncesinden t\u00fckenen konserde sahne performans\u0131n\u0131n ard\u0131ndan dakikalarca alk\u0131\u015flanan Ajda Pekkan, bis yaparak \u201cE\u011flen G\u00fczelim\u201d, \u201cHayk\u0131racak Nefesim\u201d ve \u201cHarika\u201d gibi sevilen par\u00e7alar\u0131n\u0131 yeniden seslendirdi. Harbiye bir kez daha S\u00fcperstar\u2019\u0131n enerjisiyle co\u015ftu.<\/p>\n<hr data-start=\"2420\" data-end=\"2423\" \/>\n<h3 data-start=\"2425\" data-end=\"2454\"><strong data-start=\"2429\" data-end=\"2454\">Efsanelerin Bulu\u015fmas\u0131<\/strong><\/h3>\n<p data-start=\"2456\" data-end=\"2785\">Konseri izlemeye gelenler aras\u0131nda usta sanat\u00e7\u0131 G\u00fclden Karab\u00f6cek, tiyatrocu Demet Akba\u011f ve Magazinsortie Yay\u0131n Y\u00f6netmeni Olcay \u00dcnal Sert de yer ald\u0131. Konser sonras\u0131 kuliste bulu\u015fan Karab\u00f6cek ve Pekkan, hasret giderip birlikte poz verdi. Ayr\u0131ca Film-San Vakf\u0131&#8217;ndan K\u0131van\u00e7 Terzio\u011flu\u2019nun S\u00fcperstar\u2019\u0131 tebrik etmesi geceye renk katt\u0131.<\/p>\n","protected":false},"excerpt":{"rendered":"<p>T\u00fcrk pop m\u00fczi\u011finin efsane ismi Ajda Pekkan, Harbiye Cemil Topuzlu A\u00e7\u0131khava Tiyatrosu\u2019nda sahneye \u00e7\u0131karak binlerce hayran\u0131na unutulmaz bir gece ya\u015fatt\u0131. \u00d6zel sahne \u015fovlar\u0131, etkileyici repertuvar\u0131 ve iki farkl\u0131 kost\u00fcm\u00fcyle izleyenleri b\u00fcy\u00fcleyen S\u00fcperstar, performans\u0131na \u0130talyanca bir par\u00e7ayla ba\u015flad\u0131. Konser boyunca hit \u015fark\u0131lar\u0131n\u0131 seslendiren Pekkan, T\u00fcrk Sanat M\u00fczi\u011fi\u2019nin klasik eserlerine de repertuvar\u0131nda yer vererek farkl\u0131 ku\u015faklardan hayranlar\u0131na [&hellip;]<\/p>\n","protected":false},"author":5,"featured_media":5173,"comment_status":"open","ping_status":"open","sticky":false,"template":"","format":"standard","meta":{"googlesitekit_rrm_CAowy76-DA:productID":"","footnotes":""},"categories":[194,72],"tags":[234],"class_list":["post-5171","post","type-post","status-publish","format-standard","has-post-thumbnail","hentry","category-tum-haberler","category-magazin","tag-ajda-pekkan"],"_links":{"self":[{"href":"https:\/\/magazinstar.com\/index.php\/wp-json\/wp\/v2\/posts\/5171","targetHints":{"allow":["GET"]}}],"collection":[{"href":"https:\/\/magazinstar.com\/index.php\/wp-json\/wp\/v2\/posts"}],"about":[{"href":"https:\/\/magazinstar.com\/index.php\/wp-json\/wp\/v2\/types\/post"}],"author":[{"embeddable":true,"href":"https:\/\/magazinstar.com\/index.php\/wp-json\/wp\/v2\/users\/5"}],"replies":[{"embeddable":true,"href":"https:\/\/magazinstar.com\/index.php\/wp-json\/wp\/v2\/comments?post=5171"}],"version-history":[{"count":1,"href":"https:\/\/magazinstar.com\/index.php\/wp-json\/wp\/v2\/posts\/5171\/revisions"}],"predecessor-version":[{"id":5174,"href":"https:\/\/magazinstar.com\/index.php\/wp-json\/wp\/v2\/posts\/5171\/revisions\/5174"}],"wp:featuredmedia":[{"embeddable":true,"href":"https:\/\/magazinstar.com\/index.php\/wp-json\/wp\/v2\/media\/5173"}],"wp:attachment":[{"href":"https:\/\/magazinstar.com\/index.php\/wp-json\/wp\/v2\/media?parent=5171"}],"wp:term":[{"taxonomy":"category","embeddable":true,"href":"https:\/\/magazinstar.com\/index.php\/wp-json\/wp\/v2\/categories?post=5171"},{"taxonomy":"post_tag","embeddable":true,"href":"https:\/\/magazinstar.com\/index.php\/wp-json\/wp\/v2\/tags?post=5171"}],"curies":[{"name":"wp","href":"https:\/\/api.w.org\/{rel}","templated":true}]}}