{"id":5185,"date":"2025-06-16T20:53:51","date_gmt":"2025-06-16T20:53:51","guid":{"rendered":"https:\/\/magazinstar.com\/?p=5185"},"modified":"2025-06-16T20:54:27","modified_gmt":"2025-06-16T20:54:27","slug":"romada-rekor-katilimli-pride-yuruyusu-36-derece-sicakta-bir-milyon-kisi-sokaklardaydi","status":"publish","type":"post","link":"https:\/\/magazinstar.com\/index.php\/2025\/06\/16\/romada-rekor-katilimli-pride-yuruyusu-36-derece-sicakta-bir-milyon-kisi-sokaklardaydi\/","title":{"rendered":"Roma&#8217;da Rekor Kat\u0131l\u0131ml\u0131 Pride Y\u00fcr\u00fcy\u00fc\u015f\u00fc: 36 Derece S\u0131cakta Bir Milyon Ki\u015fi Sokaklardayd\u0131"},"content":{"rendered":"<p data-start=\"157\" data-end=\"448\">\u0130talya&#8217;n\u0131n ba\u015fkenti Roma, y\u0131l\u0131n ilk b\u00fcy\u00fck s\u0131cak hava dalgas\u0131na ra\u011fmen g\u00f6kku\u015fa\u011f\u0131 renkleriyle renklendi. Cumartesi g\u00fcn\u00fc d\u00fczenlenen Roma Pride y\u00fcr\u00fcy\u00fc\u015f\u00fcne y\u00fczbinlerce ki\u015fi kat\u0131ld\u0131. Etkinlik, 36 dereceyi bulan s\u0131cakl\u0131k alt\u0131nda ger\u00e7ekle\u015fti ve organizat\u00f6rlere g\u00f6re kat\u0131l\u0131m say\u0131s\u0131 bir milyonu buldu.<\/p>\n<p data-start=\"450\" data-end=\"682\">Bu y\u0131l 31\u2019incisi d\u00fczenlenen Pride y\u00fcr\u00fcy\u00fc\u015f\u00fc, &#8220;Fuorilegge&#8221; (T\u00fcrk\u00e7esiyle \u201cYasa D\u0131\u015f\u0131\u201d veya \u201cYasan\u0131n D\u0131\u015f\u0131nda\u201d) temas\u0131yla ger\u00e7ekle\u015ftirildi. Bu tema, \u0130talya\u2019da LGBT\u0130+ bireylere y\u00f6nelik devam eden ayr\u0131mc\u0131l\u0131\u011fa dikkat \u00e7ekmek amac\u0131yla se\u00e7ildi.<\/p>\n<p data-start=\"684\" data-end=\"874\">\u015eehir merkezindeki tarihi noktalar, \u00f6rne\u011fin Kolezyum ve antik Caracalla Hamamlar\u0131, reng\u00e2renk k\u0131yafetleriyle dans eden kalabal\u0131kla dolup ta\u015ft\u0131. 40\u2019tan fazla s\u00fcslenmi\u015f ara\u00e7 korteje e\u015flik etti.<\/p>\n<p data-start=\"876\" data-end=\"1120\">Y\u00fcr\u00fcy\u00fc\u015fte yaln\u0131zca LGBT\u0130+ haklar\u0131 de\u011fil, ayn\u0131 zamanda siyasi mesajlar da \u00f6ne \u00e7\u0131kt\u0131. Filistin yanl\u0131s\u0131 ve Putin kar\u015f\u0131t\u0131 pankartlar dikkat \u00e7ekerken, bir\u00e7ok siyasi parti temsilcisi ile Roma Belediye Ba\u015fkan\u0131 Roberto Gualtieri de etkinlikte yer ald\u0131.<\/p>\n<p data-start=\"1122\" data-end=\"1248\" data-is-last-node=\"\" data-is-only-node=\"\">Roma Pride, s\u0131cak havaya ra\u011fmen co\u015fkulu atmosferi ve g\u00fc\u00e7l\u00fc mesajlar\u0131yla bir kez daha hem \u0130talya\u2019da hem de d\u00fcnyada ses getirdi.<\/p>\n","protected":false},"excerpt":{"rendered":"<p>\u0130talya&#8217;n\u0131n ba\u015fkenti Roma, y\u0131l\u0131n ilk b\u00fcy\u00fck s\u0131cak hava dalgas\u0131na ra\u011fmen g\u00f6kku\u015fa\u011f\u0131 renkleriyle renklendi. Cumartesi g\u00fcn\u00fc d\u00fczenlenen Roma Pride y\u00fcr\u00fcy\u00fc\u015f\u00fcne y\u00fczbinlerce ki\u015fi kat\u0131ld\u0131. Etkinlik, 36 dereceyi bulan s\u0131cakl\u0131k alt\u0131nda ger\u00e7ekle\u015fti ve organizat\u00f6rlere g\u00f6re kat\u0131l\u0131m say\u0131s\u0131 bir milyonu buldu. Bu y\u0131l 31\u2019incisi d\u00fczenlenen Pride y\u00fcr\u00fcy\u00fc\u015f\u00fc, &#8220;Fuorilegge&#8221; (T\u00fcrk\u00e7esiyle \u201cYasa D\u0131\u015f\u0131\u201d veya \u201cYasan\u0131n D\u0131\u015f\u0131nda\u201d) temas\u0131yla ger\u00e7ekle\u015ftirildi. Bu tema, \u0130talya\u2019da [&hellip;]<\/p>\n","protected":false},"author":5,"featured_media":5186,"comment_status":"open","ping_status":"open","sticky":false,"template":"","format":"standard","meta":{"googlesitekit_rrm_CAowy76-DA:productID":"","footnotes":""},"categories":[70,194],"tags":[238,97,237],"class_list":["post-5185","post","type-post","status-publish","format-standard","has-post-thumbnail","hentry","category-pride-magazin","category-tum-haberler","tag-italya","tag-pride","tag-roma"],"_links":{"self":[{"href":"https:\/\/magazinstar.com\/index.php\/wp-json\/wp\/v2\/posts\/5185","targetHints":{"allow":["GET"]}}],"collection":[{"href":"https:\/\/magazinstar.com\/index.php\/wp-json\/wp\/v2\/posts"}],"about":[{"href":"https:\/\/magazinstar.com\/index.php\/wp-json\/wp\/v2\/types\/post"}],"author":[{"embeddable":true,"href":"https:\/\/magazinstar.com\/index.php\/wp-json\/wp\/v2\/users\/5"}],"replies":[{"embeddable":true,"href":"https:\/\/magazinstar.com\/index.php\/wp-json\/wp\/v2\/comments?post=5185"}],"version-history":[{"count":2,"href":"https:\/\/magazinstar.com\/index.php\/wp-json\/wp\/v2\/posts\/5185\/revisions"}],"predecessor-version":[{"id":5188,"href":"https:\/\/magazinstar.com\/index.php\/wp-json\/wp\/v2\/posts\/5185\/revisions\/5188"}],"wp:featuredmedia":[{"embeddable":true,"href":"https:\/\/magazinstar.com\/index.php\/wp-json\/wp\/v2\/media\/5186"}],"wp:attachment":[{"href":"https:\/\/magazinstar.com\/index.php\/wp-json\/wp\/v2\/media?parent=5185"}],"wp:term":[{"taxonomy":"category","embeddable":true,"href":"https:\/\/magazinstar.com\/index.php\/wp-json\/wp\/v2\/categories?post=5185"},{"taxonomy":"post_tag","embeddable":true,"href":"https:\/\/magazinstar.com\/index.php\/wp-json\/wp\/v2\/tags?post=5185"}],"curies":[{"name":"wp","href":"https:\/\/api.w.org\/{rel}","templated":true}]}}