{"id":5194,"date":"2025-06-17T18:44:43","date_gmt":"2025-06-17T18:44:43","guid":{"rendered":"https:\/\/magazinstar.com\/?p=5194"},"modified":"2025-06-17T18:44:43","modified_gmt":"2025-06-17T18:44:43","slug":"dublin-dunyanin-en-lgbtq-dostu-ikinci-sehri-secildi","status":"publish","type":"post","link":"https:\/\/magazinstar.com\/index.php\/2025\/06\/17\/dublin-dunyanin-en-lgbtq-dostu-ikinci-sehri-secildi\/","title":{"rendered":"Dublin, D\u00fcnyan\u0131n En LGBTQ+ Dostu \u0130kinci \u015eehri Se\u00e7ildi!"},"content":{"rendered":"<p data-start=\"81\" data-end=\"422\">Londra\u2019ya yaln\u0131zca bir saatlik u\u00e7u\u015f mesafesinde bulunan Dublin, 2025 y\u0131l\u0131 i\u00e7in d\u00fcnyan\u0131n en LGBTQ+ dostu ikinci \u015fehri se\u00e7ildi. Big 7 Travel, Pride Ay\u0131 kapsam\u0131nda en LGBTQ+ dostu \u015fehirleri s\u0131ralad\u0131\u011f\u0131 2025 listesinde zirveyi Portekiz\u2019in ba\u015fkenti Lizbon\u2019a verirken, \u0130rlanda\u2019n\u0131n ba\u015fkenti Dublin ikinci s\u0131rada yer ald\u0131.<\/p>\n<p data-start=\"424\" data-end=\"742\">Dublin\u2019in bu y\u00fcksek s\u0131ralamas\u0131, LGBT Ireland taraf\u0131ndan y\u00fcr\u00fct\u00fclen &#8220;\u0130rlanda&#8217;y\u0131 Avrupa&#8217;da LGBTQI+ Bireyler \u0130\u00e7in En \u0130yi Yer Haline Getirmek&#8221; ba\u015fl\u0131kl\u0131 giri\u015fimin etkisiyle ger\u00e7ekle\u015fti. 2023-2027 y\u0131llar\u0131 aras\u0131nda s\u00fcrecek bu giri\u015fim; ara\u015ft\u0131rma, LGBTQ+ fark\u0131ndal\u0131k e\u011fitimi ve \u00fclkedeki transfobiye kar\u015f\u0131 m\u00fccadeleye odaklan\u0131yor.<\/p>\n<p data-start=\"744\" data-end=\"999\">\u00dc\u00e7\u00fcnc\u00fc s\u0131rada yine Portekiz\u2019den Porto yer al\u0131rken, onu s\u0131ras\u0131yla Londra (\u0130ngiltere), Madrid (\u0130spanya) ve Berlin (Almanya) takip ediyor. \u0130lk 10\u2019daki di\u011fer \u015fehirler ise Amsterdam (Hollanda), San Francisco (ABD), Toronto (Kanada) ve Sydney (Avustralya) oldu.<\/p>\n<p data-start=\"1001\" data-end=\"1458\">\u0130rlanda Ulusal LGBT Federasyonu y\u00f6netim kurulu \u00fcyesi Adam Long, PinkNews&#8217;e verdi\u011fi deme\u00e7te \u015fu s\u00f6zleri s\u00f6yledi:<br data-start=\"1111\" data-end=\"1114\" \/>\u201cEvlilik e\u015fitli\u011fini halk oylamas\u0131yla kabul eden ilk \u00fclke olmam\u0131z ve ayn\u0131 y\u0131l cinsiyet tan\u0131ma reformunu ge\u00e7irmemiz b\u00fcy\u00fck bir gurur. Ancak nefret su\u00e7lar\u0131 yasalar\u0131n\u0131n etkinle\u015ftirilmesi, s\u00f6zde \u2018d\u00f6n\u00fc\u015ft\u00fcrme terapileri\u2019nin tamamen yasaklanmas\u0131 ve okullarda LGBTQ+ kapsay\u0131c\u0131l\u0131\u011f\u0131n\u0131n art\u0131r\u0131lmas\u0131 gibi alanlarda daha fazla ilerleme kaydetmemiz gerekiyor.\u201d<\/p>\n<p data-start=\"1460\" data-end=\"1653\">\u00d6te yandan, \u0130rlanda Emniyet Mensuplar\u0131 Temsilcili\u011fi (GRA) Ba\u015fkan\u0131 Mark O\u2019Meara, bu ay i\u00e7inde yapt\u0131\u011f\u0131 a\u00e7\u0131klamayla cinsel y\u00f6nelimini a\u00e7\u0131k\u00e7a payla\u015farak ba\u015fkalar\u0131n\u0131 da kendileri olmaya te\u015fvik etti.<\/p>\n<p data-start=\"1655\" data-end=\"1863\">Expedia da Pride Ay\u0131 kapsam\u0131nda yapt\u0131\u011f\u0131 ayr\u0131 bir \u00e7al\u0131\u015fmada, \u015fehir tatili ve plaj tatili i\u00e7in en LGBTQ+-dostu destinasyonlar\u0131 s\u0131ralad\u0131. Dublin, \u015fehir tatilleri listesinde \u00f6ne \u00e7\u0131kan destinasyonlardan biri oldu.<\/p>\n","protected":false},"excerpt":{"rendered":"<p>Londra\u2019ya yaln\u0131zca bir saatlik u\u00e7u\u015f mesafesinde bulunan Dublin, 2025 y\u0131l\u0131 i\u00e7in d\u00fcnyan\u0131n en LGBTQ+ dostu ikinci \u015fehri se\u00e7ildi. Big 7 Travel, Pride Ay\u0131 kapsam\u0131nda en LGBTQ+ dostu \u015fehirleri s\u0131ralad\u0131\u011f\u0131 2025 listesinde zirveyi Portekiz\u2019in ba\u015fkenti Lizbon\u2019a verirken, \u0130rlanda\u2019n\u0131n ba\u015fkenti Dublin ikinci s\u0131rada yer ald\u0131. Dublin\u2019in bu y\u00fcksek s\u0131ralamas\u0131, LGBT Ireland taraf\u0131ndan y\u00fcr\u00fct\u00fclen &#8220;\u0130rlanda&#8217;y\u0131 Avrupa&#8217;da LGBTQI+ Bireyler [&hellip;]<\/p>\n","protected":false},"author":5,"featured_media":5195,"comment_status":"open","ping_status":"open","sticky":false,"template":"","format":"standard","meta":{"googlesitekit_rrm_CAowy76-DA:productID":"","footnotes":""},"categories":[70,194],"tags":[239,240,241,83,242],"class_list":["post-5194","post","type-post","status-publish","format-standard","has-post-thumbnail","hentry","category-pride-magazin","category-tum-haberler","tag-dublin","tag-ireland","tag-irlanda","tag-lgbtq","tag-portekiz"],"_links":{"self":[{"href":"https:\/\/magazinstar.com\/index.php\/wp-json\/wp\/v2\/posts\/5194","targetHints":{"allow":["GET"]}}],"collection":[{"href":"https:\/\/magazinstar.com\/index.php\/wp-json\/wp\/v2\/posts"}],"about":[{"href":"https:\/\/magazinstar.com\/index.php\/wp-json\/wp\/v2\/types\/post"}],"author":[{"embeddable":true,"href":"https:\/\/magazinstar.com\/index.php\/wp-json\/wp\/v2\/users\/5"}],"replies":[{"embeddable":true,"href":"https:\/\/magazinstar.com\/index.php\/wp-json\/wp\/v2\/comments?post=5194"}],"version-history":[{"count":1,"href":"https:\/\/magazinstar.com\/index.php\/wp-json\/wp\/v2\/posts\/5194\/revisions"}],"predecessor-version":[{"id":5196,"href":"https:\/\/magazinstar.com\/index.php\/wp-json\/wp\/v2\/posts\/5194\/revisions\/5196"}],"wp:featuredmedia":[{"embeddable":true,"href":"https:\/\/magazinstar.com\/index.php\/wp-json\/wp\/v2\/media\/5195"}],"wp:attachment":[{"href":"https:\/\/magazinstar.com\/index.php\/wp-json\/wp\/v2\/media?parent=5194"}],"wp:term":[{"taxonomy":"category","embeddable":true,"href":"https:\/\/magazinstar.com\/index.php\/wp-json\/wp\/v2\/categories?post=5194"},{"taxonomy":"post_tag","embeddable":true,"href":"https:\/\/magazinstar.com\/index.php\/wp-json\/wp\/v2\/tags?post=5194"}],"curies":[{"name":"wp","href":"https:\/\/api.w.org\/{rel}","templated":true}]}}