{"id":5202,"date":"2025-06-17T19:08:10","date_gmt":"2025-06-17T19:08:10","guid":{"rendered":"https:\/\/magazinstar.com\/?p=5202"},"modified":"2025-06-17T19:08:10","modified_gmt":"2025-06-17T19:08:10","slug":"ebru-yasardan-yeni-nesle-selam-sanmadan-git-ile-yaz-listelerini-salliyor","status":"publish","type":"post","link":"https:\/\/magazinstar.com\/index.php\/2025\/06\/17\/ebru-yasardan-yeni-nesle-selam-sanmadan-git-ile-yaz-listelerini-salliyor\/","title":{"rendered":"Ebru Ya\u015far\u2019dan Yeni Nesle Selam: \u201cSanmadan Git\u201d ile Yaz Listelerini Sall\u0131yor!"},"content":{"rendered":"<p data-start=\"207\" data-end=\"482\">T\u00fcrk m\u00fczi\u011finin g\u00fc\u00e7l\u00fc sesi Ebru Ya\u015far, yaz sezonuna damga vurmaya haz\u0131rlan\u0131yor. \u201cAffet\u201d ve \u201cY\u0131llar Sonra\u201d adl\u0131 \u015fark\u0131lar\u0131yla yaz\u0131 kar\u015f\u0131layan sanat\u00e7\u0131, \u015fimdi de dijital m\u00fczik d\u00fcnyas\u0131n\u0131n gen\u00e7 ve y\u00fckselen isimleri S\u0131la \u015eahin ile Samet Karde\u015fler\u2019le ger\u00e7ekle\u015ftirdi\u011fi d\u00fcetle g\u00fcndemde.<\/p>\n<p data-start=\"207\" data-end=\"482\"><img loading=\"lazy\" decoding=\"async\" class=\"alignnone size-medium wp-image-5203\" src=\"https:\/\/magazinstar.com\/wp-content\/uploads\/2025\/06\/ebru-yasar-dan-yaza-ozel-surpriz-yAeI8-200x300.jpg\" alt=\"\" width=\"200\" height=\"300\" srcset=\"https:\/\/magazinstar.com\/wp-content\/uploads\/2025\/06\/ebru-yasar-dan-yaza-ozel-surpriz-yAeI8-200x300.jpg 200w, https:\/\/magazinstar.com\/wp-content\/uploads\/2025\/06\/ebru-yasar-dan-yaza-ozel-surpriz-yAeI8-684x1024.jpg 684w, https:\/\/magazinstar.com\/wp-content\/uploads\/2025\/06\/ebru-yasar-dan-yaza-ozel-surpriz-yAeI8-768x1150.jpg 768w, https:\/\/magazinstar.com\/wp-content\/uploads\/2025\/06\/ebru-yasar-dan-yaza-ozel-surpriz-yAeI8-600x898.jpg 600w, https:\/\/magazinstar.com\/wp-content\/uploads\/2025\/06\/ebru-yasar-dan-yaza-ozel-surpriz-yAeI8.jpg 1000w\" sizes=\"auto, (max-width: 200px) 100vw, 200px\" \/><\/p>\n<p data-start=\"484\" data-end=\"863\">13 Haziran\u2019da t\u00fcm dijital platformlarda yay\u0131mlanan yeni single \u201cSanmadan Git\u201d, m\u00fczikseverleri farkl\u0131 ku\u015faklardan sanat\u00e7\u0131lar\u0131n ortak projesiyle bulu\u015fturuyor. \u015eark\u0131n\u0131n s\u00f6z ve m\u00fczi\u011fi, sosyal medyada geni\u015f bir dinleyici kitlesine ula\u015fan S\u0131la \u015eahin ve Samet Karde\u015fler imzas\u0131 ta\u015f\u0131yor. D\u00fczenlemesi Onur Atl\u0131 taraf\u0131ndan yap\u0131lan \u015fark\u0131, hem duygusal hem de modern yap\u0131s\u0131yla dikkat \u00e7ekiyor.<\/p>\n<p data-start=\"865\" data-end=\"1042\">\u201cSanmadan Git\u201din klibi ise Taha Bald\u0131r y\u00f6netmenli\u011finde \u00e7ekildi. \u00dc\u00e7 sanat\u00e7\u0131n\u0131n birlikte kamera kar\u015f\u0131s\u0131na ge\u00e7ti\u011fi klip, YouTube\u2019da yay\u0131nland\u0131ktan k\u0131sa s\u00fcre sonra yo\u011fun ilgi g\u00f6rd\u00fc.<\/p>\n<p data-start=\"865\" data-end=\"1042\"><img loading=\"lazy\" decoding=\"async\" class=\"alignnone size-medium wp-image-5204\" src=\"https:\/\/magazinstar.com\/wp-content\/uploads\/2025\/06\/ebru-yasar-dan-yaza-ozel-surpriz-bX0lg-300x200.jpg\" alt=\"\" width=\"300\" height=\"200\" srcset=\"https:\/\/magazinstar.com\/wp-content\/uploads\/2025\/06\/ebru-yasar-dan-yaza-ozel-surpriz-bX0lg-300x200.jpg 300w, https:\/\/magazinstar.com\/wp-content\/uploads\/2025\/06\/ebru-yasar-dan-yaza-ozel-surpriz-bX0lg-768x512.jpg 768w, https:\/\/magazinstar.com\/wp-content\/uploads\/2025\/06\/ebru-yasar-dan-yaza-ozel-surpriz-bX0lg-840x560.jpg 840w, https:\/\/magazinstar.com\/wp-content\/uploads\/2025\/06\/ebru-yasar-dan-yaza-ozel-surpriz-bX0lg-600x400.jpg 600w, https:\/\/magazinstar.com\/wp-content\/uploads\/2025\/06\/ebru-yasar-dan-yaza-ozel-surpriz-bX0lg-272x182.jpg 272w, https:\/\/magazinstar.com\/wp-content\/uploads\/2025\/06\/ebru-yasar-dan-yaza-ozel-surpriz-bX0lg.jpg 1000w\" sizes=\"auto, (max-width: 300px) 100vw, 300px\" \/><\/p>\n<p data-start=\"1044\" data-end=\"1234\">Daha \u00f6nce \u201cAldan\u0131r\u0131m\u201d adl\u0131 \u015fark\u0131lar\u0131yla Spotify\u2019da 42 milyon dinlenme, YouTube\u2019da ise 90 milyona yakla\u015fan izlenme elde eden gen\u00e7 m\u00fczisyenler, bu yeni i\u015f birli\u011fiyle ba\u015far\u0131lar\u0131n\u0131 peki\u015ftiriyor.<\/p>\n<p data-start=\"1044\" data-end=\"1234\"><img loading=\"lazy\" decoding=\"async\" class=\"alignnone size-medium wp-image-5205\" src=\"https:\/\/magazinstar.com\/wp-content\/uploads\/2025\/06\/ebru-yasar-dan-yaza-ozel-surpriz-ThQ1k-300x300.jpg\" alt=\"\" width=\"300\" height=\"300\" srcset=\"https:\/\/magazinstar.com\/wp-content\/uploads\/2025\/06\/ebru-yasar-dan-yaza-ozel-surpriz-ThQ1k-300x300.jpg 300w, https:\/\/magazinstar.com\/wp-content\/uploads\/2025\/06\/ebru-yasar-dan-yaza-ozel-surpriz-ThQ1k-150x150.jpg 150w, https:\/\/magazinstar.com\/wp-content\/uploads\/2025\/06\/ebru-yasar-dan-yaza-ozel-surpriz-ThQ1k-768x768.jpg 768w, https:\/\/magazinstar.com\/wp-content\/uploads\/2025\/06\/ebru-yasar-dan-yaza-ozel-surpriz-ThQ1k-600x600.jpg 600w, https:\/\/magazinstar.com\/wp-content\/uploads\/2025\/06\/ebru-yasar-dan-yaza-ozel-surpriz-ThQ1k-100x100.jpg 100w, https:\/\/magazinstar.com\/wp-content\/uploads\/2025\/06\/ebru-yasar-dan-yaza-ozel-surpriz-ThQ1k.jpg 1000w\" sizes=\"auto, (max-width: 300px) 100vw, 300px\" \/><\/p>\n<p data-start=\"1236\" data-end=\"1534\">Ebru Ya\u015far, yeni nesil m\u00fczisyenlere destek verdi\u011fi bu projeyle sadece g\u00fc\u00e7l\u00fc sesiyle de\u011fil, ayn\u0131 zamanda m\u00fczikal vizyonuyla da \u00f6ne \u00e7\u0131k\u0131yor. \u201cSanmadan Git\u201d, hem yaz aylar\u0131n\u0131n favori \u015fark\u0131lar\u0131ndan biri olmaya aday, hem de ku\u015faklar aras\u0131 sanatsal dayan\u0131\u015fman\u0131n ba\u015far\u0131l\u0131 bir \u00f6rne\u011fi olarak dikkat \u00e7ekiyor.<\/p>\n<p data-start=\"1536\" data-end=\"1650\">\u015eark\u0131, Spotify, Apple Music ve YouTube dahil olmak \u00fczere t\u00fcm dijital m\u00fczik platformlar\u0131nda dinleyicilerle bulu\u015ftu.<\/p>\n","protected":false},"excerpt":{"rendered":"<p>T\u00fcrk m\u00fczi\u011finin g\u00fc\u00e7l\u00fc sesi Ebru Ya\u015far, yaz sezonuna damga vurmaya haz\u0131rlan\u0131yor. \u201cAffet\u201d ve \u201cY\u0131llar Sonra\u201d adl\u0131 \u015fark\u0131lar\u0131yla yaz\u0131 kar\u015f\u0131layan sanat\u00e7\u0131, \u015fimdi de dijital m\u00fczik d\u00fcnyas\u0131n\u0131n gen\u00e7 ve y\u00fckselen isimleri S\u0131la \u015eahin ile Samet Karde\u015fler\u2019le ger\u00e7ekle\u015ftirdi\u011fi d\u00fcetle g\u00fcndemde. 13 Haziran\u2019da t\u00fcm dijital platformlarda yay\u0131mlanan yeni single \u201cSanmadan Git\u201d, m\u00fczikseverleri farkl\u0131 ku\u015faklardan sanat\u00e7\u0131lar\u0131n ortak projesiyle bulu\u015fturuyor. \u015eark\u0131n\u0131n [&hellip;]<\/p>\n","protected":false},"author":5,"featured_media":5206,"comment_status":"open","ping_status":"open","sticky":false,"template":"","format":"standard","meta":{"googlesitekit_rrm_CAowy76-DA:productID":"","footnotes":""},"categories":[72,194],"tags":[243],"class_list":["post-5202","post","type-post","status-publish","format-standard","has-post-thumbnail","hentry","category-magazin","category-tum-haberler","tag-ebru-yasar"],"_links":{"self":[{"href":"https:\/\/magazinstar.com\/index.php\/wp-json\/wp\/v2\/posts\/5202","targetHints":{"allow":["GET"]}}],"collection":[{"href":"https:\/\/magazinstar.com\/index.php\/wp-json\/wp\/v2\/posts"}],"about":[{"href":"https:\/\/magazinstar.com\/index.php\/wp-json\/wp\/v2\/types\/post"}],"author":[{"embeddable":true,"href":"https:\/\/magazinstar.com\/index.php\/wp-json\/wp\/v2\/users\/5"}],"replies":[{"embeddable":true,"href":"https:\/\/magazinstar.com\/index.php\/wp-json\/wp\/v2\/comments?post=5202"}],"version-history":[{"count":1,"href":"https:\/\/magazinstar.com\/index.php\/wp-json\/wp\/v2\/posts\/5202\/revisions"}],"predecessor-version":[{"id":5207,"href":"https:\/\/magazinstar.com\/index.php\/wp-json\/wp\/v2\/posts\/5202\/revisions\/5207"}],"wp:featuredmedia":[{"embeddable":true,"href":"https:\/\/magazinstar.com\/index.php\/wp-json\/wp\/v2\/media\/5206"}],"wp:attachment":[{"href":"https:\/\/magazinstar.com\/index.php\/wp-json\/wp\/v2\/media?parent=5202"}],"wp:term":[{"taxonomy":"category","embeddable":true,"href":"https:\/\/magazinstar.com\/index.php\/wp-json\/wp\/v2\/categories?post=5202"},{"taxonomy":"post_tag","embeddable":true,"href":"https:\/\/magazinstar.com\/index.php\/wp-json\/wp\/v2\/tags?post=5202"}],"curies":[{"name":"wp","href":"https:\/\/api.w.org\/{rel}","templated":true}]}}