{"id":5208,"date":"2025-06-17T19:31:15","date_gmt":"2025-06-17T19:31:15","guid":{"rendered":"https:\/\/magazinstar.com\/?p=5208"},"modified":"2025-06-17T19:31:15","modified_gmt":"2025-06-17T19:31:15","slug":"ndr-elbphilharmonie-orkestrasi-istanbulda-iki-unutulmaz-konserle-sahne-alacak","status":"publish","type":"post","link":"https:\/\/magazinstar.com\/index.php\/2025\/06\/17\/ndr-elbphilharmonie-orkestrasi-istanbulda-iki-unutulmaz-konserle-sahne-alacak\/","title":{"rendered":"NDR Elbphilharmonie Orkestras\u0131 \u0130stanbul\u2019da \u0130ki Unutulmaz Konserle Sahne Alacak"},"content":{"rendered":"<p data-start=\"196\" data-end=\"678\">\u0130stanbul, bu yaz klasik m\u00fczik tutkunlar\u0131 i\u00e7in b\u00fcy\u00fcleyici bir deneyime ev sahipli\u011fi yap\u0131yor. \u0130stanbul K\u00fclt\u00fcr Sanat Vakf\u0131 (\u0130KSV) taraf\u0131ndan Borusan Holding sponsorlu\u011funda d\u00fczenlenen 53. \u0130stanbul M\u00fczik Festivali, d\u00fcnyan\u0131n \u00f6nde gelen senfoni topluluklar\u0131ndan NDR Elbphilharmonie Orkestras\u0131&#8217;n\u0131 a\u011f\u0131rlamaya haz\u0131rlan\u0131yor. Grammy \u00f6d\u00fcll\u00fc \u015fef Alan Gilbert y\u00f6netimindeki topluluk, 19 ve 20 Haziran ak\u015famlar\u0131 Atat\u00fcrk K\u00fclt\u00fcr Merkezi T\u00fcrk Telekom Opera Salonu\u2019nda iki farkl\u0131 konserle sahne alacak.<\/p>\n<h3 data-start=\"680\" data-end=\"728\">Romantik D\u00f6nemden \u0130zler: Brahms ve \u00c7aykovski<\/h3>\n<p data-start=\"730\" data-end=\"1254\">Festival kapsam\u0131nda 19 Haziran \u00c7ar\u015famba g\u00fcn\u00fc ger\u00e7ekle\u015fecek ilk konserde, NDR Elbphilharmonie Orkestras\u0131 \u00e7a\u011fda\u015f keman virt\u00fc\u00f6zlerinin en \u00f6nde gelenlerinden Frank Peter Zimmermann\u2019a e\u015flik edecek. Konser program\u0131nda Johannes Brahms\u2019\u0131n teknik a\u00e7\u0131dan zorluklar\u0131yla tan\u0131nan, &#8220;keman i\u00e7in de\u011fil, kemana kar\u015f\u0131&#8221; \u015feklinde yorumlanan op.77 numaral\u0131 Keman Kon\u00e7ertosu ile Pyotr Ilyich Tchaikovsky\u2019nin dramatik yap\u0131s\u0131yla dikkat \u00e7eken op.36 numaral\u0131 &#8220;Kader&#8221; Senfonisi yer al\u0131yor. Konserin g\u00f6steri sponsorlu\u011funu T\u00fcrkiye \u0130\u015f Bankas\u0131 \u00fcstleniyor.<\/p>\n<h3 data-start=\"1256\" data-end=\"1295\">Chopin\u2019den Brahms\u2019a Uzanan Yolculuk<\/h3>\n<p data-start=\"1297\" data-end=\"1659\">20 Haziran Per\u015fembe g\u00fcn\u00fc ise sahne, Polonyal\u0131 piyanist Rafa\u0142 Blechacz\u2019a emanet. \u0130ki Echo Klassik \u00f6d\u00fcl\u00fcne sahip Blechacz, Fr\u00e9d\u00e9ric Chopin\u2019in romantik ruhunu ta\u015f\u0131yan 1 No&#8217;lu Piyano Kon\u00e7ertosu ile izleyicilere duygusal bir m\u00fczikal deneyim sunacak. Ayn\u0131 gecede Johannes Brahms\u2019\u0131n 1. Senfoni\u2019si de seslendirilecek. Bu \u00f6zel gecenin sponsoru ise Mercedes-Benz Otomotiv.<\/p>\n<h3 data-start=\"1661\" data-end=\"1712\">Festivalde Bu Hafta \u00d6ne \u00c7\u0131kan Di\u011fer Etkinlikler<\/h3>\n<p data-start=\"1714\" data-end=\"2077\">17 Haziran Sal\u0131 g\u00fcn\u00fc Frans\u0131z Saray\u0131&#8217;nda, viyolonselci Fran\u00e7ois Salque ve akordeon sanat\u00e7\u0131s\u0131 Vincent Peirani, STONELINE sponsorlu\u011funda m\u00fczikseverlerle bulu\u015facak. 18 Haziran&#8217;da Zorlu PSM\u2019de sahne alacak Geneva Camerata, \u015eostakovi\u00e7\u2019in 5. Senfonisi\u2019ni krump dans\u0131yla harmanlayarak &#8220;Revolta&#8221; adl\u0131 etkileyici bir g\u00f6steriye imza atacak. G\u00f6sterinin destek\u00e7isi ENKA Vakf\u0131.<\/p>\n<p data-start=\"2079\" data-end=\"2302\">Disko Klasik serisi ise bu y\u0131l Ah! Kosmos projesiyle farkl\u0131 disiplinleri bir araya getiriyor. Elektronik m\u00fczik sanat\u00e7\u0131s\u0131 Ba\u015fak G\u00fcnak, klasik m\u00fczik enstr\u00fcmanlar\u0131yla bir araya gelerek 20 Haziran\u2019da Salon \u0130KSV\u2019de sahne alacak.<\/p>\n<h3 data-start=\"2304\" data-end=\"2358\">M\u00fczik Rotas\u0131: Tarihi Mekanlarda \u00c7ok Sesli Yolculuk<\/h3>\n<p data-start=\"2360\" data-end=\"2742\">Festivalin sevilen etkinli\u011fi M\u00fczik Rotas\u0131, bu y\u0131l da \u0130stanbul\u2019un tarihi kiliselerinde d\u00fczenlenecek konserlerle zengin bir deneyim sunuyor. 21 Haziran Cumartesi g\u00fcn\u00fc B\u00fcy\u00fckdere\u2019de \u00fc\u00e7 farkl\u0131 kilisede ger\u00e7ekle\u015ftirilecek etkinlikte Polonyal\u0131 keman ikilisi Marta Gidaszewska &amp; Robert \u0141aguniak, Avusturyal\u0131 Duo Minerva ve \u0130talyan topluluk Il Pomo d\u2019Oro sahne alacak. G\u00f6steri sponsoru MEKE.<\/p>\n<h3 data-start=\"2744\" data-end=\"2793\">Yar\u0131n\u0131n Kad\u0131n Y\u0131ld\u0131zlar\u0131\u2019ndan D\u00fcnya Pr\u00f6miyeri<\/h3>\n<p data-start=\"2795\" data-end=\"3137\">Ayn\u0131 g\u00fcn ak\u015fam\u0131 S\u00fcreyya Operas\u0131\u2019nda ger\u00e7ekle\u015ftirilecek \u201cYar\u0131n\u0131n Kad\u0131n Y\u0131ld\u0131zlar\u0131\u201d konserinde, besteci Ceren T\u00fcrkmeno\u011flu\u2019nun yayl\u0131 \u00e7alg\u0131lar d\u00f6rtl\u00fcs\u00fc i\u00e7in besteledi\u011fi yeni eserinin d\u00fcnya pr\u00f6miyeri yap\u0131lacak. G\u00f6rsel sanat\u00e7\u0131 Hilal Can\u2019\u0131n e\u015flik edece\u011fi konserde, destek fonu bursiyerleri sahnede olacak. Etkinlik TSKB sponsorlu\u011funda ger\u00e7ekle\u015fiyor.<\/p>\n<h3 data-start=\"3139\" data-end=\"3183\">Final: Tangonun Tutkusu B\u00fcy\u00fck Tarabya\u2019da<\/h3>\n<p data-start=\"3185\" data-end=\"3485\">Festivalin final haftas\u0131nda, tango ve klasik m\u00fczi\u011fi ustal\u0131kla harmanlayan Cuarteto SolTango ile Arjantinli vokalist Leonel Capitano, \u201cPoesia\u201d alb\u00fcm\u00fcnden ilhamla sahne alacak. 22 Haziran Pazar ak\u015fam\u0131 The Grand Tarabya\u2019n\u0131n tarihi atmosferinde ger\u00e7ekle\u015ftirilecek bu \u00f6zel konserin sponsoru Biofarma \u0130la\u00e7.<\/p>\n","protected":false},"excerpt":{"rendered":"<p>\u0130stanbul, bu yaz klasik m\u00fczik tutkunlar\u0131 i\u00e7in b\u00fcy\u00fcleyici bir deneyime ev sahipli\u011fi yap\u0131yor. \u0130stanbul K\u00fclt\u00fcr Sanat Vakf\u0131 (\u0130KSV) taraf\u0131ndan Borusan Holding sponsorlu\u011funda d\u00fczenlenen 53. \u0130stanbul M\u00fczik Festivali, d\u00fcnyan\u0131n \u00f6nde gelen senfoni topluluklar\u0131ndan NDR Elbphilharmonie Orkestras\u0131&#8217;n\u0131 a\u011f\u0131rlamaya haz\u0131rlan\u0131yor. Grammy \u00f6d\u00fcll\u00fc \u015fef Alan Gilbert y\u00f6netimindeki topluluk, 19 ve 20 Haziran ak\u015famlar\u0131 Atat\u00fcrk K\u00fclt\u00fcr Merkezi T\u00fcrk Telekom Opera [&hellip;]<\/p>\n","protected":false},"author":5,"featured_media":5209,"comment_status":"open","ping_status":"open","sticky":false,"template":"","format":"standard","meta":{"googlesitekit_rrm_CAowy76-DA:productID":"","footnotes":""},"categories":[69,194],"tags":[245,244],"class_list":["post-5208","post","type-post","status-publish","format-standard","has-post-thumbnail","hentry","category-kultur-sanat","category-tum-haberler","tag-istanbul","tag-ndr-e-elbphilharmonie"],"_links":{"self":[{"href":"https:\/\/magazinstar.com\/index.php\/wp-json\/wp\/v2\/posts\/5208","targetHints":{"allow":["GET"]}}],"collection":[{"href":"https:\/\/magazinstar.com\/index.php\/wp-json\/wp\/v2\/posts"}],"about":[{"href":"https:\/\/magazinstar.com\/index.php\/wp-json\/wp\/v2\/types\/post"}],"author":[{"embeddable":true,"href":"https:\/\/magazinstar.com\/index.php\/wp-json\/wp\/v2\/users\/5"}],"replies":[{"embeddable":true,"href":"https:\/\/magazinstar.com\/index.php\/wp-json\/wp\/v2\/comments?post=5208"}],"version-history":[{"count":1,"href":"https:\/\/magazinstar.com\/index.php\/wp-json\/wp\/v2\/posts\/5208\/revisions"}],"predecessor-version":[{"id":5210,"href":"https:\/\/magazinstar.com\/index.php\/wp-json\/wp\/v2\/posts\/5208\/revisions\/5210"}],"wp:featuredmedia":[{"embeddable":true,"href":"https:\/\/magazinstar.com\/index.php\/wp-json\/wp\/v2\/media\/5209"}],"wp:attachment":[{"href":"https:\/\/magazinstar.com\/index.php\/wp-json\/wp\/v2\/media?parent=5208"}],"wp:term":[{"taxonomy":"category","embeddable":true,"href":"https:\/\/magazinstar.com\/index.php\/wp-json\/wp\/v2\/categories?post=5208"},{"taxonomy":"post_tag","embeddable":true,"href":"https:\/\/magazinstar.com\/index.php\/wp-json\/wp\/v2\/tags?post=5208"}],"curies":[{"name":"wp","href":"https:\/\/api.w.org\/{rel}","templated":true}]}}