{"id":5211,"date":"2025-06-17T19:44:25","date_gmt":"2025-06-17T19:44:25","guid":{"rendered":"https:\/\/magazinstar.com\/?p=5211"},"modified":"2025-06-17T19:44:25","modified_gmt":"2025-06-17T19:44:25","slug":"berlinde-gecenin-ruhu-queer-topluluga-ozel-gotik-parti-sophisticated-wave","status":"publish","type":"post","link":"https:\/\/magazinstar.com\/index.php\/2025\/06\/17\/berlinde-gecenin-ruhu-queer-topluluga-ozel-gotik-parti-sophisticated-wave\/","title":{"rendered":"Berlin\u2019de Gecenin Ruhu: Queer Toplulu\u011fa \u00d6zel Gotik Parti \u201cSophisticated Wave\u201d"},"content":{"rendered":"<article class=\"text-token-text-primary w-full\" dir=\"auto\" data-testid=\"conversation-turn-14\" data-scroll-anchor=\"true\">\n<div class=\"text-base my-auto mx-auto py-5 [--thread-content-margin:--spacing(4)] @[37rem]:[--thread-content-margin:--spacing(6)] @[72rem]:[--thread-content-margin:--spacing(16)] px-(--thread-content-margin)\">\n<div class=\"[--thread-content-max-width:32rem] @[34rem]:[--thread-content-max-width:40rem] @[64rem]:[--thread-content-max-width:48rem] mx-auto flex max-w-(--thread-content-max-width) flex-1 text-base gap-4 md:gap-5 lg:gap-6 group\/turn-messages focus-visible:outline-hidden\" tabindex=\"-1\">\n<div class=\"group\/conversation-turn relative flex w-full min-w-0 flex-col agent-turn\">\n<div class=\"relative flex-col gap-1 md:gap-3\">\n<div class=\"flex max-w-full flex-col grow\">\n<div class=\"min-h-8 text-message relative flex w-full flex-col items-end gap-2 text-start break-words whitespace-normal [.text-message+&amp;]:mt-5\" dir=\"auto\" data-message-author-role=\"assistant\" data-message-id=\"8b1cc018-c02c-4e26-b668-0a40eba1e2e9\" data-message-model-slug=\"gpt-4o\">\n<div class=\"flex w-full flex-col gap-1 empty:hidden first:pt-[3px]\">\n<div class=\"markdown prose dark:prose-invert w-full break-words light\">\n<p data-start=\"83\" data-end=\"395\">Berlin\u2019in alternatif gece hayat\u0131na y\u00f6n veren etkinliklerden biri olan <em data-start=\"153\" data-end=\"173\">Sophisticated Wave<\/em>, bu ay yeniden kap\u0131lar\u0131n\u0131 a\u00e7\u0131yor. \u015eehrin queer toplulu\u011funu Cold Wave, Synthpop, Postpunk ve Dark Italo gibi karanl\u0131k ve sofistike elektronik m\u00fczik t\u00fcrleriyle bulu\u015fturan parti, 22 Haziran gecesi Beate Uwe\u2019de ger\u00e7ekle\u015fecek.<\/p>\n<p data-start=\"83\" data-end=\"395\"><img loading=\"lazy\" decoding=\"async\" class=\"alignnone size-medium wp-image-5213\" src=\"https:\/\/magazinstar.com\/wp-content\/uploads\/2025\/06\/Beate_Uwe_Promo_Foto_2022_-_c_Beate_Uwe.width-1440-300x200.jpg\" alt=\"\" width=\"300\" height=\"200\" srcset=\"https:\/\/magazinstar.com\/wp-content\/uploads\/2025\/06\/Beate_Uwe_Promo_Foto_2022_-_c_Beate_Uwe.width-1440-300x200.jpg 300w, https:\/\/magazinstar.com\/wp-content\/uploads\/2025\/06\/Beate_Uwe_Promo_Foto_2022_-_c_Beate_Uwe.width-1440-1024x683.jpg 1024w, https:\/\/magazinstar.com\/wp-content\/uploads\/2025\/06\/Beate_Uwe_Promo_Foto_2022_-_c_Beate_Uwe.width-1440-768x512.jpg 768w, https:\/\/magazinstar.com\/wp-content\/uploads\/2025\/06\/Beate_Uwe_Promo_Foto_2022_-_c_Beate_Uwe.width-1440-840x560.jpg 840w, https:\/\/magazinstar.com\/wp-content\/uploads\/2025\/06\/Beate_Uwe_Promo_Foto_2022_-_c_Beate_Uwe.width-1440-600x400.jpg 600w, https:\/\/magazinstar.com\/wp-content\/uploads\/2025\/06\/Beate_Uwe_Promo_Foto_2022_-_c_Beate_Uwe.width-1440-272x182.jpg 272w, https:\/\/magazinstar.com\/wp-content\/uploads\/2025\/06\/Beate_Uwe_Promo_Foto_2022_-_c_Beate_Uwe.width-1440.jpg 1440w\" sizes=\"auto, (max-width: 300px) 100vw, 300px\" \/><\/p>\n<p data-start=\"397\" data-end=\"760\">K\u00fc\u00e7\u00fck ama karakteristik bir atmosfere sahip Beate Uwe, Berlin\u2019in Plattenbau (apartman bloklar\u0131) b\u00f6lgesinde, m\u00fctevaz\u0131 bir bungalov i\u00e7inde yer al\u0131yor. Kul\u00fcb\u00fcn g\u00fc\u00e7l\u00fc ses sistemi, samimi dans pisti ve rahat chill-out alan\u0131 sayesinde ziyaret\u00e7ilerine hem m\u00fczikal hem de sosyal bir deneyim sunuluyor. Mekan, zaman zaman queer odakl\u0131 etkinliklere de ev sahipli\u011fi yap\u0131yor.<\/p>\n<p data-start=\"762\" data-end=\"966\">Bu \u00f6zel gecede DJ kabininde Berlin&#8217;in tan\u0131nm\u0131\u015f isimleri Testbild, Paura Diamante ve Sharleen Voyage yer alacak. Gecenin s\u00fcrpriz konu\u011fu ise synth tutkunu ve sahne enerjisiyle tan\u0131nan Sarah Adorable olacak.<\/p>\n<p data-start=\"968\" data-end=\"1134\">Berlin\u2019de karanl\u0131k ritimlerin ve \u00f6zg\u00fcr ifadelerin bulu\u015fma noktas\u0131 olan \u201cSophisticated Wave\u201d, m\u00fczi\u011fin s\u0131n\u0131r tan\u0131mad\u0131\u011f\u0131, kimli\u011fin \u00f6zg\u00fcrce kutland\u0131\u011f\u0131 bir gece vadediyor.<\/p>\n<p data-start=\"1136\" data-end=\"1316\" data-is-last-node=\"\" data-is-only-node=\"\"><strong data-start=\"1136\" data-end=\"1159\">Etkinlik Bilgileri:<\/strong><br data-start=\"1159\" data-end=\"1162\" \/>\ud83d\udccd <em data-start=\"1165\" data-end=\"1184\">Beate Uwe, Berlin<\/em><br data-start=\"1184\" data-end=\"1187\" \/>\ud83d\udcc5 <em data-start=\"1190\" data-end=\"1207\">22 Haziran 2025<\/em><br data-start=\"1207\" data-end=\"1210\" \/>\ud83c\udfa7 <em data-start=\"1213\" data-end=\"1256\">Cold Wave, Synthpop, Postpunk, Dark Italo<\/em><br data-start=\"1256\" data-end=\"1259\" \/>\ud83d\udd5b <em data-start=\"1262\" data-end=\"1282\">Giri\u015f saati: 23:00<\/em><br data-start=\"1282\" data-end=\"1285\" \/>\ud83d\udc65 <em data-start=\"1288\" data-end=\"1316\" data-is-last-node=\"\">Queer dostu \/ Herkese a\u00e7\u0131k<\/em><\/p>\n<\/div>\n<\/div>\n<\/div>\n<\/div>\n<div class=\"mt-3 w-full empty:hidden\">\n<div class=\"text-center\"><\/div>\n<\/div>\n<\/div>\n<div class=\"absolute\">\n<div class=\"flex items-center justify-center\"><\/div>\n<\/div>\n<\/div>\n<\/div>\n<\/div>\n<\/article>\n<div class=\"pointer-events-none h-px w-px\" aria-hidden=\"true\" data-edge=\"true\"><\/div>\n","protected":false},"excerpt":{"rendered":"<p>Berlin\u2019in alternatif gece hayat\u0131na y\u00f6n veren etkinliklerden biri olan Sophisticated Wave, bu ay yeniden kap\u0131lar\u0131n\u0131 a\u00e7\u0131yor. \u015eehrin queer toplulu\u011funu Cold Wave, Synthpop, Postpunk ve Dark Italo gibi karanl\u0131k ve sofistike elektronik m\u00fczik t\u00fcrleriyle bulu\u015fturan parti, 22 Haziran gecesi Beate Uwe\u2019de ger\u00e7ekle\u015fecek. K\u00fc\u00e7\u00fck ama karakteristik bir atmosfere sahip Beate Uwe, Berlin\u2019in Plattenbau (apartman bloklar\u0131) b\u00f6lgesinde, m\u00fctevaz\u0131 [&hellip;]<\/p>\n","protected":false},"author":5,"featured_media":5212,"comment_status":"open","ping_status":"open","sticky":false,"template":"","format":"standard","meta":{"googlesitekit_rrm_CAowy76-DA:productID":"","footnotes":""},"categories":[70,194],"tags":[199,101,246],"class_list":["post-5211","post","type-post","status-publish","format-standard","has-post-thumbnail","hentry","category-pride-magazin","category-tum-haberler","tag-berlin","tag-queer","tag-sophisticated-wave"],"_links":{"self":[{"href":"https:\/\/magazinstar.com\/index.php\/wp-json\/wp\/v2\/posts\/5211","targetHints":{"allow":["GET"]}}],"collection":[{"href":"https:\/\/magazinstar.com\/index.php\/wp-json\/wp\/v2\/posts"}],"about":[{"href":"https:\/\/magazinstar.com\/index.php\/wp-json\/wp\/v2\/types\/post"}],"author":[{"embeddable":true,"href":"https:\/\/magazinstar.com\/index.php\/wp-json\/wp\/v2\/users\/5"}],"replies":[{"embeddable":true,"href":"https:\/\/magazinstar.com\/index.php\/wp-json\/wp\/v2\/comments?post=5211"}],"version-history":[{"count":1,"href":"https:\/\/magazinstar.com\/index.php\/wp-json\/wp\/v2\/posts\/5211\/revisions"}],"predecessor-version":[{"id":5214,"href":"https:\/\/magazinstar.com\/index.php\/wp-json\/wp\/v2\/posts\/5211\/revisions\/5214"}],"wp:featuredmedia":[{"embeddable":true,"href":"https:\/\/magazinstar.com\/index.php\/wp-json\/wp\/v2\/media\/5212"}],"wp:attachment":[{"href":"https:\/\/magazinstar.com\/index.php\/wp-json\/wp\/v2\/media?parent=5211"}],"wp:term":[{"taxonomy":"category","embeddable":true,"href":"https:\/\/magazinstar.com\/index.php\/wp-json\/wp\/v2\/categories?post=5211"},{"taxonomy":"post_tag","embeddable":true,"href":"https:\/\/magazinstar.com\/index.php\/wp-json\/wp\/v2\/tags?post=5211"}],"curies":[{"name":"wp","href":"https:\/\/api.w.org\/{rel}","templated":true}]}}