{"id":5215,"date":"2025-06-19T14:00:46","date_gmt":"2025-06-19T14:00:46","guid":{"rendered":"https:\/\/magazinstar.com\/?p=5215"},"modified":"2025-06-19T14:00:46","modified_gmt":"2025-06-19T14:00:46","slug":"bu-yil-neseli-bir-pride-degil-gorunurlukten-korkunun-yukselisine","status":"publish","type":"post","link":"https:\/\/magazinstar.com\/index.php\/2025\/06\/19\/bu-yil-neseli-bir-pride-degil-gorunurlukten-korkunun-yukselisine\/","title":{"rendered":"Bu Y\u0131l Ne\u015feli Bir Pride De\u011fil: G\u00f6r\u00fcn\u00fcrl\u00fckten Korkunun Y\u00fckseli\u015fine"},"content":{"rendered":"<p>Artan nefret su\u00e7lar\u0131, sosyal bask\u0131 ve kurumsal sessizlik, Almanya&#8217;da 2025 Pride Ay\u0131&#8217;n\u0131 g\u00f6lgeledi. Queer topluluk art\u0131k sadece kutlam\u0131yor, ayn\u0131 zamanda direniyor.<\/p>\n<article class=\"text-token-text-primary w-full\" dir=\"auto\" data-testid=\"conversation-turn-24\" data-scroll-anchor=\"true\">\n<div class=\"text-base my-auto mx-auto py-5 [--thread-content-margin:--spacing(4)] @[37rem]:[--thread-content-margin:--spacing(6)] @[72rem]:[--thread-content-margin:--spacing(16)] px-(--thread-content-margin)\">\n<div class=\"[--thread-content-max-width:32rem] @[34rem]:[--thread-content-max-width:40rem] @[64rem]:[--thread-content-max-width:48rem] mx-auto flex max-w-(--thread-content-max-width) flex-1 text-base gap-4 md:gap-5 lg:gap-6 group\/turn-messages focus-visible:outline-hidden\" tabindex=\"-1\">\n<div class=\"group\/conversation-turn relative flex w-full min-w-0 flex-col agent-turn\">\n<div class=\"relative flex-col gap-1 md:gap-3\">\n<div class=\"flex max-w-full flex-col grow\">\n<div class=\"min-h-8 text-message relative flex w-full flex-col items-end gap-2 text-start break-words whitespace-normal [.text-message+&amp;]:mt-5\" dir=\"auto\" data-message-author-role=\"assistant\" data-message-id=\"e2a67a73-0832-4f4d-bfea-98a31e4bbb58\" data-message-model-slug=\"gpt-4o\">\n<div class=\"flex w-full flex-col gap-1 empty:hidden first:pt-[3px]\">\n<div class=\"markdown prose dark:prose-invert w-full break-words light\">\n<h3 data-start=\"541\" data-end=\"832\">Almanya genelinde Haziran ay\u0131, LGBT\u0130+ toplulu\u011fu i\u00e7in g\u00f6r\u00fcn\u00fcrl\u00fck ve kutlamalar\u0131n ay\u0131 olarak bilinse de bu y\u0131l co\u015fku yerini tedirginli\u011fe b\u0131rakt\u0131. Artan queer kar\u015f\u0131t\u0131 sald\u0131r\u0131lar, politik gerilim ve kurumsal deste\u011fin geri \u00e7ekilmesi bir\u00e7ok bireyde &#8220;kutlama de\u011fil, direni\u015f&#8221; ruhunu h\u00e2kim k\u0131ld\u0131.<\/h3>\n<p data-start=\"834\" data-end=\"1047\">Berlin\u2019de d\u00fczenlenecek bir queer kariyer fuar\u0131n\u0131n organizasyon ekibinden al\u0131nan bilgilere g\u00f6re, etkinlik \u00f6ncesi ilk kez <strong data-start=\"954\" data-end=\"984\">polisle g\u00fcvenlik \u00f6nlemleri<\/strong> hakk\u0131nda g\u00f6r\u00fc\u015fmeler yap\u0131ld\u0131. Gerek\u00e7e net: Artan tehdit alg\u0131s\u0131.<\/p>\n<blockquote data-start=\"1049\" data-end=\"1248\">\n<p data-start=\"1051\" data-end=\"1248\">&#8220;Eskiden b\u00f6yle bir \u015fey yapmazd\u0131k. Ama art\u0131k kendimizi g\u00fcvende hissetmiyoruz.&#8221;<br data-start=\"1128\" data-end=\"1131\" \/>diye a\u00e7\u0131klama yapan organizasyon yetkilisi, etkinlik alanlar\u0131nda bile artan riskleri g\u00f6z ard\u0131 etmediklerini belirtti.<\/p>\n<\/blockquote>\n<h3 data-start=\"1255\" data-end=\"1284\">Nefret Su\u00e7lar\u0131 Y\u00fckseli\u015fte<\/h3>\n<p data-start=\"1286\" data-end=\"1608\">Almanya \u0130\u00e7i\u015fleri Bakanl\u0131\u011f\u0131 verilerine g\u00f6re 2023 y\u0131l\u0131nda <strong data-start=\"1342\" data-end=\"1389\">1.500&#8217;\u00fcn \u00fczerinde queer kar\u015f\u0131t\u0131 nefret su\u00e7u<\/strong> kayda ge\u00e7ti. Ancak sivil toplum \u00f6rg\u00fctleri bu say\u0131n\u0131n ger\u00e7ekte \u00e7ok daha fazla oldu\u011funa dikkat \u00e7ekiyor. \u00d6zellikle metropollerde bile bireylerin g\u00fcndelik ya\u015famda tehdit ve a\u015fa\u011f\u0131lama ile kar\u015f\u0131 kar\u015f\u0131ya kald\u0131\u011f\u0131 bildiriliyor.<\/p>\n<p data-start=\"1610\" data-end=\"1777\">Berlin\u2019de bir ki\u015finin sokakta, \u201cSizi eskiden gaz odas\u0131na g\u00f6nderiyorlard\u0131\u201d \u015feklinde hakarete u\u011framas\u0131, toplumdaki radikal s\u00f6ylemlerin nas\u0131l s\u0131radanla\u015ft\u0131\u011f\u0131n\u0131 g\u00f6steriyor.<\/p>\n<h3 data-start=\"1784\" data-end=\"1817\">Kurumlar Sessizli\u011fe B\u00fcr\u00fcn\u00fcyor<\/h3>\n<p data-start=\"1819\" data-end=\"2080\">Kurumsal destek ise giderek azal\u0131yor. Pek \u00e7ok \u015firket, sosyal medya bask\u0131s\u0131ndan ka\u00e7\u0131nmak ad\u0131na g\u00f6kku\u015fa\u011f\u0131 renklerini kullanmaktan geri duruyor. Organizasyon yetkililerine g\u00f6re, bir\u00e7ok \u00e7al\u0131\u015fan tekrar kimli\u011fini gizlemeyi, \u201cout\u201d olma karar\u0131n\u0131 geri \u00e7ekmeyi d\u00fc\u015f\u00fcn\u00fcyor.<\/p>\n<blockquote data-start=\"2082\" data-end=\"2185\">\n<p data-start=\"2084\" data-end=\"2185\">\u201cHaziran d\u0131\u015f\u0131nda kimse rengini belli etmiyor. Geri \u00e7ekilen destek, queer bireyleri yaln\u0131zla\u015ft\u0131r\u0131yor.\u201d<\/p>\n<\/blockquote>\n<h3 data-start=\"2192\" data-end=\"2226\">Pride: Festival De\u011fil, Direni\u015f<\/h3>\n<p data-start=\"2228\" data-end=\"2466\">Pride etkinlikleri y\u0131llard\u0131r ne\u015fe ve \u00f6zg\u00fcrl\u00fckle \u00f6zde\u015fle\u015fse de, bir\u00e7ok ki\u015fi i\u00e7in bu y\u0131lki anlam\u0131 farkl\u0131. Artan \u015fiddet, sessizlik ve sistematik d\u0131\u015flanma nedeniyle, 2025 Pride\u2019\u0131 bir\u00e7ok birey i\u00e7in sadece bir kutlama de\u011fil, bir <strong data-start=\"2451\" data-end=\"2465\">hat\u0131rlatma<\/strong>.<\/p>\n<blockquote data-start=\"2468\" data-end=\"2548\">\n<p data-start=\"2470\" data-end=\"2548\">\u201cPride, hi\u00e7bir zaman sadece bir parti de\u011fildi. Bu y\u0131l daha \u00e7ok direni\u015fin ad\u0131.\u201d<\/p>\n<\/blockquote>\n<h3 data-start=\"2555\" data-end=\"2600\"><\/h3>\n<\/div>\n<\/div>\n<\/div>\n<\/div>\n<\/div>\n<div class=\"absolute\">\n<div class=\"flex items-center justify-center\"><\/div>\n<\/div>\n<\/div>\n<\/div>\n<\/div>\n<\/article>\n<div class=\"pointer-events-none h-px w-px\" aria-hidden=\"true\" data-edge=\"true\"><\/div>\n","protected":false},"excerpt":{"rendered":"<p>Artan nefret su\u00e7lar\u0131, sosyal bask\u0131 ve kurumsal sessizlik, Almanya&#8217;da 2025 Pride Ay\u0131&#8217;n\u0131 g\u00f6lgeledi. Queer topluluk art\u0131k sadece kutlam\u0131yor, ayn\u0131 zamanda direniyor. Almanya genelinde Haziran ay\u0131, LGBT\u0130+ toplulu\u011fu i\u00e7in g\u00f6r\u00fcn\u00fcrl\u00fck ve kutlamalar\u0131n ay\u0131 olarak bilinse de bu y\u0131l co\u015fku yerini tedirginli\u011fe b\u0131rakt\u0131. Artan queer kar\u015f\u0131t\u0131 sald\u0131r\u0131lar, politik gerilim ve kurumsal deste\u011fin geri \u00e7ekilmesi bir\u00e7ok bireyde &#8220;kutlama [&hellip;]<\/p>\n","protected":false},"author":5,"featured_media":5216,"comment_status":"open","ping_status":"open","sticky":false,"template":"","format":"standard","meta":{"googlesitekit_rrm_CAowy76-DA:productID":"","footnotes":""},"categories":[70,194],"tags":[83,101],"class_list":["post-5215","post","type-post","status-publish","format-standard","has-post-thumbnail","hentry","category-pride-magazin","category-tum-haberler","tag-lgbtq","tag-queer"],"_links":{"self":[{"href":"https:\/\/magazinstar.com\/index.php\/wp-json\/wp\/v2\/posts\/5215","targetHints":{"allow":["GET"]}}],"collection":[{"href":"https:\/\/magazinstar.com\/index.php\/wp-json\/wp\/v2\/posts"}],"about":[{"href":"https:\/\/magazinstar.com\/index.php\/wp-json\/wp\/v2\/types\/post"}],"author":[{"embeddable":true,"href":"https:\/\/magazinstar.com\/index.php\/wp-json\/wp\/v2\/users\/5"}],"replies":[{"embeddable":true,"href":"https:\/\/magazinstar.com\/index.php\/wp-json\/wp\/v2\/comments?post=5215"}],"version-history":[{"count":1,"href":"https:\/\/magazinstar.com\/index.php\/wp-json\/wp\/v2\/posts\/5215\/revisions"}],"predecessor-version":[{"id":5217,"href":"https:\/\/magazinstar.com\/index.php\/wp-json\/wp\/v2\/posts\/5215\/revisions\/5217"}],"wp:featuredmedia":[{"embeddable":true,"href":"https:\/\/magazinstar.com\/index.php\/wp-json\/wp\/v2\/media\/5216"}],"wp:attachment":[{"href":"https:\/\/magazinstar.com\/index.php\/wp-json\/wp\/v2\/media?parent=5215"}],"wp:term":[{"taxonomy":"category","embeddable":true,"href":"https:\/\/magazinstar.com\/index.php\/wp-json\/wp\/v2\/categories?post=5215"},{"taxonomy":"post_tag","embeddable":true,"href":"https:\/\/magazinstar.com\/index.php\/wp-json\/wp\/v2\/tags?post=5215"}],"curies":[{"name":"wp","href":"https:\/\/api.w.org\/{rel}","templated":true}]}}