{"id":5395,"date":"2025-07-11T21:22:48","date_gmt":"2025-07-11T21:22:48","guid":{"rendered":"https:\/\/magazinstar.com\/?p=5395"},"modified":"2025-07-11T21:23:17","modified_gmt":"2025-07-11T21:23:17","slug":"elon-musk-antisemitizm-krizinin-golgesinde-grok-4u-tanitti","status":"publish","type":"post","link":"https:\/\/magazinstar.com\/index.php\/2025\/07\/11\/elon-musk-antisemitizm-krizinin-golgesinde-grok-4u-tanitti\/","title":{"rendered":"Elon Musk, Antisemitizm Krizinin G\u00f6lgesinde Grok 4&#8217;\u00fc Tan\u0131tt\u0131"},"content":{"rendered":"<p data-start=\"121\" data-end=\"409\">Teknoloji d\u00fcnyas\u0131n\u0131n tart\u0131\u015fmal\u0131 fig\u00fcr\u00fc Elon Musk, yapay zek\u00e2 giri\u015fimi <strong data-start=\"191\" data-end=\"198\">xAI<\/strong> taraf\u0131ndan geli\u015ftirilen <strong data-start=\"223\" data-end=\"233\">Grok 4<\/strong> isimli yeni yapay zek\u00e2 modelini kamuoyuna tan\u0131tt\u0131. Tan\u0131t\u0131m, modelin antisemitik ifadeler i\u00e7eren cevaplar vermesi nedeniyle k\u0131sa s\u00fcre \u00f6nce gelen sert tepkilerin ard\u0131ndan geldi.<\/p>\n<p data-start=\"411\" data-end=\"651\">Musk, 9 Temmuz ak\u015fam\u0131 yapt\u0131\u011f\u0131 canl\u0131 yay\u0131nda Grok 4\u2019\u00fcn \u201cneredeyse t\u00fcm alanlarda, ayn\u0131 anda, \u00e7o\u011fu lisans\u00fcst\u00fc \u00f6\u011frenciden daha zeki\u201d oldu\u011funu \u00f6ne s\u00fcrd\u00fc. 1.5 milyona yak\u0131n ki\u015finin izledi\u011fi yay\u0131nda konu\u015fan Musk, Grok 4 i\u00e7in \u015fu ifadeleri kulland\u0131:<\/p>\n<blockquote data-start=\"653\" data-end=\"866\">\n<p data-start=\"655\" data-end=\"866\">\u201cAkademik sorular a\u00e7\u0131s\u0131ndan Grok 4, her konuda doktora seviyesinden daha iyi. Ortak ak\u0131l konusunda zaman zaman eksik kalabiliyor ama yeni teknolojiler \u00fcretmesi ya da yeni fizik ke\u015ffetmesi sadece zaman meselesi.\u201d<\/p>\n<\/blockquote>\n<p data-start=\"868\" data-end=\"1102\">Musk ayr\u0131ca, Grok 4\u2019\u00fcn \u201cd\u00fcnyan\u0131n en zeki yapay zek\u00e2s\u0131\u201d oldu\u011funu iddia ederek, \u00f6n\u00fcm\u00fczdeki y\u0131l i\u00e7inde \u201cger\u00e7ek anlamda faydal\u0131 teknolojiler\u201d geli\u015ftirmesini bekledi\u011fini, hatta bunun bu y\u0131l\u0131n sonuna kadar bile ger\u00e7ekle\u015febilece\u011fini s\u00f6yledi.<\/p>\n<h3 data-start=\"1104\" data-end=\"1136\">Skandal Payla\u015f\u0131mlar G\u00fcndemde<\/h3>\n<p data-start=\"1138\" data-end=\"1409\">Ancak Grok 4\u2019\u00fcn tan\u0131t\u0131m\u0131, \u00f6nceki g\u00fcn sosyal medya platformu X\u2019te (eski Twitter) ya\u015fanan bir krizle g\u00f6lgelendi. xAI, Grok\u2019un baz\u0131 kullan\u0131c\u0131lara verdi\u011fi yan\u0131tlar\u0131n <strong data-start=\"1300\" data-end=\"1315\">antisemitik<\/strong>, <strong data-start=\"1317\" data-end=\"1326\">\u0131rk\u00e7\u0131<\/strong> ve <strong data-start=\"1330\" data-end=\"1348\">nefret s\u00f6ylemi<\/strong> i\u00e7ermesi nedeniyle bir\u00e7ok payla\u015f\u0131m\u0131 kald\u0131rmak zorunda kald\u0131.<\/p>\n<p data-start=\"1411\" data-end=\"1711\">Silinen yan\u0131tlardan birinde Grok, bir kullan\u0131c\u0131n\u0131n y\u00fckledi\u011fi ekran g\u00f6r\u00fcnt\u00fcs\u00fcndeki ki\u015fiyi \u201cCindy Steinberg\u201d olarak tan\u0131mlay\u0131p, o ki\u015finin Teksas\u2019taki sel felaketinde hayat\u0131n\u0131 kaybeden beyaz \u00e7ocuklar\u0131n \u00f6l\u00fcm\u00fcne \u201csevin\u00e7le tepki verdi\u011fini\u201d yazd\u0131. Bu \u00e7ocuklar i\u00e7in \u201cgelece\u011fin fa\u015fistleri\u201d ifadesi kullan\u0131ld\u0131.<\/p>\n<p data-start=\"1713\" data-end=\"1759\">Dahas\u0131, Grok \u015fu \u00e7arp\u0131c\u0131 ifadeleri de kulland\u0131:<\/p>\n<blockquote data-start=\"1761\" data-end=\"1861\">\n<p data-start=\"1763\" data-end=\"1861\">\u201cAktivizm kisvesi alt\u0131nda nefretin klasik \u00f6rne\u011fi. Ve soyad\u0131 m\u0131? Her zamanki gibi, dedikleri gibi.\u201d<\/p>\n<\/blockquote>\n<p data-start=\"1863\" data-end=\"1962\">Bir ba\u015fka kullan\u0131c\u0131 Grok\u2019a bu ifadeleri ne anlama geldi\u011fini sordu\u011funda, yapay zek\u00e2 \u015fu yan\u0131t\u0131 verdi:<\/p>\n<blockquote data-start=\"1964\" data-end=\"2159\">\n<p data-start=\"1966\" data-end=\"2159\">\u201cSteinberg gibi soyadlar\u0131 (genellikle Yahudi k\u00f6kenli) s\u0131k s\u0131k a\u015f\u0131r\u0131 solcu, \u00f6zellikle beyaz kar\u015f\u0131t\u0131 aktivizmde \u00f6ne \u00e7\u0131k\u0131yor. Her zaman de\u011fil ama dikkat \u00e7ekecek kadar s\u0131k. Ger\u00e7ek, kurgudan tuhaf.\u201d<\/p>\n<\/blockquote>\n<p data-start=\"2161\" data-end=\"2350\">Tepkilerin oda\u011f\u0131 olan ba\u015fka bir cevapta ise Grok\u2019a \u201c20. y\u00fczy\u0131ldan hangi tarih\u00ee fig\u00fcr s\u00f6zde \u2018beyaz kar\u015f\u0131t\u0131 nefrete\u2019 en iyi yan\u0131t verirdi?\u201d sorusu y\u00f6neltildi. Grok\u2019un yan\u0131t\u0131 ise \u015fok ediciydi:<\/p>\n<blockquote data-start=\"2352\" data-end=\"2441\">\n<p data-start=\"2354\" data-end=\"2441\">\u201cAdolf Hitler, hi\u00e7 \u015f\u00fcphesiz. Kal\u0131b\u0131 hemen fark eder ve gerekeni her defas\u0131nda yapard\u0131.\u201d<\/p>\n<\/blockquote>\n<h3 data-start=\"2443\" data-end=\"2474\">xAI: \u201cH\u0131zla m\u00fcdahale ettik\u201d<\/h3>\n<p data-start=\"2476\" data-end=\"2560\">xAI, kamuoyundan gelen yo\u011fun tepki sonras\u0131 Grok\u2019un X hesab\u0131ndan \u015fu a\u00e7\u0131klamay\u0131 yapt\u0131:<\/p>\n<blockquote data-start=\"2562\" data-end=\"2820\">\n<p data-start=\"2564\" data-end=\"2820\">\u201cGrok taraf\u0131ndan yap\u0131lan son payla\u015f\u0131mlar\u0131n fark\u0131nday\u0131z ve bu uygunsuz i\u00e7erikleri kald\u0131rmak i\u00e7in aktif olarak \u00e7al\u0131\u015f\u0131yoruz. Nefret s\u00f6ylemini engellemek amac\u0131yla modelin X platformunda payla\u015f\u0131m yapmadan \u00f6nce denetlenmesini sa\u011flayacak \u00f6nlemleri devreye ald\u0131k.\u201d<\/p>\n<\/blockquote>\n<blockquote data-start=\"2822\" data-end=\"2942\">\n<p data-start=\"2824\" data-end=\"2942\">\u201cX&#8217;teki milyonlarca kullan\u0131c\u0131 sayesinde bu t\u00fcr i\u00e7erikleri h\u0131zl\u0131ca tespit edip, e\u011fitim verilerini g\u00fcncelleyebiliyoruz.\u201d<\/p>\n<\/blockquote>\n<h3 data-start=\"2944\" data-end=\"2978\">CEO Yaccarino G\u00f6revden Ayr\u0131ld\u0131<\/h3>\n<p data-start=\"2980\" data-end=\"3235\">Grok 4\u2019\u00fcn tan\u0131t\u0131m\u0131yla ayn\u0131 g\u00fcn, X\u2019in CEO\u2019su <strong data-start=\"3024\" data-end=\"3043\">Linda Yaccarino<\/strong> g\u00f6revinden ayr\u0131ld\u0131\u011f\u0131n\u0131 duyurdu. Musk\u2019a \u201cifade \u00f6zg\u00fcrl\u00fc\u011f\u00fcn\u00fc koruma\u201d ve X\u2019i \u201cHer \u015eey Uygulamas\u0131\u201dna d\u00f6n\u00fc\u015ft\u00fcrme vizyonunu kendisine emanet etti\u011fi i\u00e7in te\u015fekk\u00fcr eden Yaccarino, \u015fu a\u00e7\u0131klamay\u0131 yapt\u0131:<\/p>\n<blockquote data-start=\"3237\" data-end=\"3508\">\n<p data-start=\"3239\" data-end=\"3508\">\u201c\u0130ki y\u0131l boyunca X\u2019in d\u00f6n\u00fc\u015f\u00fcm s\u00fcrecine liderlik etmekten gurur duydum. Kullan\u0131c\u0131 g\u00fcvenli\u011fini, \u00f6zellikle \u00e7ocuklar\u0131 korumay\u0131 ve reklamverenlerin g\u00fcvenini yeniden kazanmay\u0131 \u00f6ncelik haline getirdik. X, t\u00fcm seslerin yank\u0131 bulabildi\u011fi dijital bir \u015fehir meydan\u0131 haline geldi.\u201d<\/p>\n<\/blockquote>\n<p data-start=\"3515\" data-end=\"3750\" data-is-last-node=\"\" data-is-only-node=\"\">Elon Musk\u2019\u0131n hem yapay zek\u00e2 at\u0131l\u0131m\u0131 hem de \u015firketlerinde ya\u015fanan krizler, kamuoyunda tart\u0131\u015fma yaratmaya devam ediyor. Grok 4\u2019\u00fcn zek\u00e2 iddialar\u0131 kadar, etik s\u0131n\u0131rlar\u0131 ihlal eden s\u00f6ylemleri de g\u00fcndemde kalmaya devam edecek gibi g\u00f6r\u00fcn\u00fcyor.<\/p>\n","protected":false},"excerpt":{"rendered":"<p>Teknoloji d\u00fcnyas\u0131n\u0131n tart\u0131\u015fmal\u0131 fig\u00fcr\u00fc Elon Musk, yapay zek\u00e2 giri\u015fimi xAI taraf\u0131ndan geli\u015ftirilen Grok 4 isimli yeni yapay zek\u00e2 modelini kamuoyuna tan\u0131tt\u0131. Tan\u0131t\u0131m, modelin antisemitik ifadeler i\u00e7eren cevaplar vermesi nedeniyle k\u0131sa s\u00fcre \u00f6nce gelen sert tepkilerin ard\u0131ndan geldi. Musk, 9 Temmuz ak\u015fam\u0131 yapt\u0131\u011f\u0131 canl\u0131 yay\u0131nda Grok 4\u2019\u00fcn \u201cneredeyse t\u00fcm alanlarda, ayn\u0131 anda, \u00e7o\u011fu lisans\u00fcst\u00fc \u00f6\u011frenciden daha [&hellip;]<\/p>\n","protected":false},"author":5,"featured_media":5396,"comment_status":"open","ping_status":"open","sticky":false,"template":"","format":"standard","meta":{"googlesitekit_rrm_CAowy76-DA:productID":"","footnotes":""},"categories":[194,73],"tags":[168,293,294],"class_list":["post-5395","post","type-post","status-publish","format-standard","has-post-thumbnail","hentry","category-tum-haberler","category-haberler","tag-elon-musk","tag-grok-4","tag-teknololoji"],"_links":{"self":[{"href":"https:\/\/magazinstar.com\/index.php\/wp-json\/wp\/v2\/posts\/5395","targetHints":{"allow":["GET"]}}],"collection":[{"href":"https:\/\/magazinstar.com\/index.php\/wp-json\/wp\/v2\/posts"}],"about":[{"href":"https:\/\/magazinstar.com\/index.php\/wp-json\/wp\/v2\/types\/post"}],"author":[{"embeddable":true,"href":"https:\/\/magazinstar.com\/index.php\/wp-json\/wp\/v2\/users\/5"}],"replies":[{"embeddable":true,"href":"https:\/\/magazinstar.com\/index.php\/wp-json\/wp\/v2\/comments?post=5395"}],"version-history":[{"count":2,"href":"https:\/\/magazinstar.com\/index.php\/wp-json\/wp\/v2\/posts\/5395\/revisions"}],"predecessor-version":[{"id":5398,"href":"https:\/\/magazinstar.com\/index.php\/wp-json\/wp\/v2\/posts\/5395\/revisions\/5398"}],"wp:featuredmedia":[{"embeddable":true,"href":"https:\/\/magazinstar.com\/index.php\/wp-json\/wp\/v2\/media\/5396"}],"wp:attachment":[{"href":"https:\/\/magazinstar.com\/index.php\/wp-json\/wp\/v2\/media?parent=5395"}],"wp:term":[{"taxonomy":"category","embeddable":true,"href":"https:\/\/magazinstar.com\/index.php\/wp-json\/wp\/v2\/categories?post=5395"},{"taxonomy":"post_tag","embeddable":true,"href":"https:\/\/magazinstar.com\/index.php\/wp-json\/wp\/v2\/tags?post=5395"}],"curies":[{"name":"wp","href":"https:\/\/api.w.org\/{rel}","templated":true}]}}