{"id":5407,"date":"2025-07-11T21:52:13","date_gmt":"2025-07-11T21:52:13","guid":{"rendered":"https:\/\/magazinstar.com\/?p=5407"},"modified":"2025-07-11T21:52:13","modified_gmt":"2025-07-11T21:52:13","slug":"forget-me-not-ile-klasikte-queer-izler-berlin-pride-weekte-duygusal-ve-tarihi-bir-konser","status":"publish","type":"post","link":"https:\/\/magazinstar.com\/index.php\/2025\/07\/11\/forget-me-not-ile-klasikte-queer-izler-berlin-pride-weekte-duygusal-ve-tarihi-bir-konser\/","title":{"rendered":"Forget Me Not\u201d ile Klasikte Queer \u0130zler: Berlin Pride Week\u2019te Duygusal ve Tarihi Bir Konser"},"content":{"rendered":"<article class=\"text-token-text-primary w-full\" dir=\"auto\" data-testid=\"conversation-turn-16\" data-scroll-anchor=\"true\">\n<div class=\"text-base my-auto mx-auto py-5 [--thread-content-margin:--spacing(4)] @[37rem]:[--thread-content-margin:--spacing(6)] @[72rem]:[--thread-content-margin:--spacing(16)] px-(--thread-content-margin)\">\n<div class=\"[--thread-content-max-width:32rem] @[34rem]:[--thread-content-max-width:40rem] @[64rem]:[--thread-content-max-width:48rem] mx-auto flex max-w-(--thread-content-max-width) flex-1 text-base gap-4 md:gap-5 lg:gap-6 group\/turn-messages focus-visible:outline-hidden\" tabindex=\"-1\">\n<div class=\"group\/conversation-turn relative flex w-full min-w-0 flex-col agent-turn\">\n<div class=\"relative flex-col gap-1 md:gap-3\">\n<div class=\"flex max-w-full flex-col grow\">\n<div class=\"min-h-8 text-message relative flex w-full flex-col items-end gap-2 text-start break-words whitespace-normal [.text-message+&amp;]:mt-5\" dir=\"auto\" data-message-author-role=\"assistant\" data-message-id=\"d4ca73ae-9599-4b66-a191-daec6c03be28\" data-message-model-slug=\"gpt-4o\">\n<div class=\"flex w-full flex-col gap-1 empty:hidden first:pt-[3px]\">\n<div class=\"markdown prose dark:prose-invert w-full break-words light\">\n<p data-start=\"151\" data-end=\"443\">Berlin Pride Week kapsam\u0131nda, klasik m\u00fczi\u011fi queer perspektiften yeniden ele alan etkileyici bir konser dinleyicilerle bulu\u015fmaya haz\u0131rlan\u0131yor. <strong data-start=\"293\" data-end=\"312\">\u201cForget Me Not\u201d<\/strong> adl\u0131 proje, sadece klasik m\u00fczik tutkunlar\u0131n\u0131 de\u011fil, ayn\u0131 zamanda LGBTQ+ tarihine ilgi duyan herkesi derinden etkilemeyi ama\u00e7l\u0131yor.<\/p>\n<p data-start=\"445\" data-end=\"683\">22 Temmuz\u2019da Charlottenburg Saray\u0131\u2019n\u0131n g\u00f6rkemli Orangerie salonunda ger\u00e7ekle\u015fecek bu \u00f6zel konser, \u201cPride In Concert\u201d ba\u015fl\u0131\u011f\u0131 alt\u0131nda d\u00fczenleniyor. Gecenin sunuculu\u011funu, queer medya d\u00fcnyas\u0131ndan tan\u0131nan edit\u00f6r <strong data-start=\"653\" data-end=\"671\">Nina S\u00fcssmilch<\/strong> \u00fcstleniyor.<\/p>\n<h3 data-start=\"685\" data-end=\"742\">G\u00f6r\u00fcnmeyen Sesler: Queer Bestecilere M\u00fczikal Bir Anma<\/h3>\n<p data-start=\"744\" data-end=\"1221\">\u201cForget Me Not\u201d projesi, klasik m\u00fczik tarihinde yer edinmi\u015f ama kimlikleri uzun s\u00fcre yok say\u0131lm\u0131\u015f queer bestecileri g\u00f6r\u00fcn\u00fcr k\u0131lmay\u0131 hedefliyor. Projenin yarat\u0131c\u0131lar\u0131, \u015fan sanat\u00e7\u0131s\u0131 <strong data-start=\"925\" data-end=\"939\">Tim Stolte<\/strong> ve e\u015fi <strong data-start=\"947\" data-end=\"971\">Daniel Philipp Witte<\/strong>, konser program\u0131n\u0131 titizlikle olu\u015fturdu. Toplam <strong data-start=\"1020\" data-end=\"1052\">10 queer bestecinin 18 eseri<\/strong>, anlat\u0131ml\u0131 bir lied ak\u015fam\u0131nda seslendirilecek. Programda Leonard Bernstein, Benjamin Britten, Henri\u00ebtte Bosmans, Ethel Smyth ve Fryderyk Chopin gibi isimler yer al\u0131yor.<\/p>\n<p data-start=\"1223\" data-end=\"1276\">Stolte, bu projeye nas\u0131l ba\u015flad\u0131\u011f\u0131n\u0131 \u015f\u00f6yle anlat\u0131yor:<\/p>\n<blockquote data-start=\"1278\" data-end=\"1525\">\n<p data-start=\"1280\" data-end=\"1525\">\u201cY\u0131llar \u00f6nce Chopin\u2019in e\u015fcinsel olabilece\u011fini anlatan bir radyo program\u0131 dinledim ve bu beni derinden sarst\u0131. Onun gen\u00e7lik a\u015fk\u0131 Tytus Woyciechowski\u2019ye olan duygular\u0131n\u0131 nas\u0131l bestelerine aktard\u0131\u011f\u0131n\u0131 ke\u015ffetmek, m\u00fczi\u011fe bak\u0131\u015f\u0131m\u0131 tamamen de\u011fi\u015ftirdi.\u201d<\/p>\n<\/blockquote>\n<p data-start=\"1527\" data-end=\"1696\">Bu ki\u015fisel ke\u015fif, Stolte\u2019yi queer bestecilerin hayat hik\u00e2yelerini ara\u015ft\u0131rmaya itti ve bug\u00fcn izleyiciye hem tarihsel hem duygusal bir deneyim sunan bu konser fikri do\u011fdu.<\/p>\n<h3 data-start=\"1698\" data-end=\"1737\">Klasik M\u00fczi\u011fin Unutulmu\u015f Hik\u00e2yeleri<\/h3>\n<p data-start=\"1739\" data-end=\"1927\">Klasik m\u00fczik tarihinde queer kimliklerin izi s\u00fcrmek her zaman kolay de\u011fil. \u00c7\u00fcnk\u00fc bu kimlikler ya a\u00e7\u0131k\u00e7a ifade edilemedi ya da tarihsel olarak bast\u0131r\u0131ld\u0131. Stolte bu konuda \u015funlar\u0131 s\u00f6yl\u00fcyor:<\/p>\n<blockquote data-start=\"1929\" data-end=\"2210\">\n<p data-start=\"1931\" data-end=\"2210\">\u201cBaz\u0131 besteciler, t\u0131pk\u0131 Tchaikovsky\u2019nin \u2018Strashnaja minuta\u2019s\u0131nda oldu\u011fu gibi, kendi kimliklerini do\u011frudan eserlerine yans\u0131tt\u0131lar. Ama baz\u0131lar\u0131nda bu izler daha belirsiz, \u00e7\u00fcnk\u00fc ya\u015fad\u0131klar\u0131 d\u00f6nemde &#8216;queer&#8217;, &#8216;gay&#8217; ya da &#8216;lezbiyen&#8217; gibi kavramlar hen\u00fcz yoktu ya da tabu say\u0131l\u0131yordu.\u201d<\/p>\n<\/blockquote>\n<p data-start=\"2212\" data-end=\"2409\">Yine de, bu m\u00fczikal ak\u015fam queer ya\u015famlar\u0131n klasik m\u00fczikteki varl\u0131\u011f\u0131n\u0131 g\u00f6r\u00fcn\u00fcr k\u0131l\u0131yor. Konser yaln\u0131zca h\u00fcz\u00fcnl\u00fc ve melankolik duygular sunmakla kalm\u0131yor, ayn\u0131 zamanda umut, ne\u015fe ve mizahla da \u00f6r\u00fcl\u00fc.<\/p>\n<p data-start=\"2212\" data-end=\"2409\"><img loading=\"lazy\" decoding=\"async\" class=\"alignnone size-medium wp-image-5409\" src=\"https:\/\/magazinstar.com\/wp-content\/uploads\/2025\/07\/Pride_in_Concert.width-1440-300x150.jpg\" alt=\"\" width=\"300\" height=\"150\" srcset=\"https:\/\/magazinstar.com\/wp-content\/uploads\/2025\/07\/Pride_in_Concert.width-1440-300x150.jpg 300w, https:\/\/magazinstar.com\/wp-content\/uploads\/2025\/07\/Pride_in_Concert.width-1440-1024x512.jpg 1024w, https:\/\/magazinstar.com\/wp-content\/uploads\/2025\/07\/Pride_in_Concert.width-1440-768x384.jpg 768w, https:\/\/magazinstar.com\/wp-content\/uploads\/2025\/07\/Pride_in_Concert.width-1440-600x300.jpg 600w, https:\/\/magazinstar.com\/wp-content\/uploads\/2025\/07\/Pride_in_Concert.width-1440.jpg 1280w\" sizes=\"auto, (max-width: 300px) 100vw, 300px\" \/><\/p>\n<h3 data-start=\"2411\" data-end=\"2448\">M\u00fczik, Direni\u015fin ve Kimli\u011fin Dili<\/h3>\n<p data-start=\"2450\" data-end=\"2724\">\u201cForget Me Not\u201d, klasik m\u00fczi\u011fe sadece estetik bir alan olarak de\u011fil, bir <strong data-start=\"2523\" data-end=\"2542\">kimlik anlat\u0131s\u0131<\/strong> olarak da yakla\u015fman\u0131n m\u00fcmk\u00fcn oldu\u011funu g\u00f6steriyor. Unutulmu\u015f ya da bast\u0131r\u0131lm\u0131\u015f queer hik\u00e2yeleri seslendiren bu konser, izleyiciyi yaln\u0131zca dinlemeye de\u011fil, d\u00fc\u015f\u00fcnmeye de davet ediyor.<\/p>\n<p data-start=\"2726\" data-end=\"2832\" data-is-last-node=\"\" data-is-only-node=\"\">Berlin\u2019de bu yaz, sadece g\u00f6kku\u015fa\u011f\u0131 bayraklar\u0131 de\u011fil, ge\u00e7mi\u015fin g\u00f6r\u00fcnmeyen notalar\u0131 da sahnede dalgalanacak.<\/p>\n<\/div>\n<\/div>\n<\/div>\n<\/div>\n<\/div>\n<div class=\"aria-live=polite absolute\">\n<div class=\"flex items-center justify-center\"><\/div>\n<\/div>\n<\/div>\n<\/div>\n<\/div>\n<\/article>\n<div class=\"pointer-events-none h-px w-px\" aria-hidden=\"true\" data-edge=\"true\"><\/div>\n","protected":false},"excerpt":{"rendered":"<p>Berlin Pride Week kapsam\u0131nda, klasik m\u00fczi\u011fi queer perspektiften yeniden ele alan etkileyici bir konser dinleyicilerle bulu\u015fmaya haz\u0131rlan\u0131yor. \u201cForget Me Not\u201d adl\u0131 proje, sadece klasik m\u00fczik tutkunlar\u0131n\u0131 de\u011fil, ayn\u0131 zamanda LGBTQ+ tarihine ilgi duyan herkesi derinden etkilemeyi ama\u00e7l\u0131yor. 22 Temmuz\u2019da Charlottenburg Saray\u0131\u2019n\u0131n g\u00f6rkemli Orangerie salonunda ger\u00e7ekle\u015fecek bu \u00f6zel konser, \u201cPride In Concert\u201d ba\u015fl\u0131\u011f\u0131 alt\u0131nda d\u00fczenleniyor. Gecenin [&hellip;]<\/p>\n","protected":false},"author":5,"featured_media":5408,"comment_status":"open","ping_status":"open","sticky":false,"template":"","format":"standard","meta":{"googlesitekit_rrm_CAowy76-DA:productID":"","footnotes":""},"categories":[194,70],"tags":[299,300],"class_list":["post-5407","post","type-post","status-publish","format-standard","has-post-thumbnail","hentry","category-tum-haberler","category-pride-magazin","tag-berlin-pride-week","tag-lgbtiq"],"_links":{"self":[{"href":"https:\/\/magazinstar.com\/index.php\/wp-json\/wp\/v2\/posts\/5407","targetHints":{"allow":["GET"]}}],"collection":[{"href":"https:\/\/magazinstar.com\/index.php\/wp-json\/wp\/v2\/posts"}],"about":[{"href":"https:\/\/magazinstar.com\/index.php\/wp-json\/wp\/v2\/types\/post"}],"author":[{"embeddable":true,"href":"https:\/\/magazinstar.com\/index.php\/wp-json\/wp\/v2\/users\/5"}],"replies":[{"embeddable":true,"href":"https:\/\/magazinstar.com\/index.php\/wp-json\/wp\/v2\/comments?post=5407"}],"version-history":[{"count":1,"href":"https:\/\/magazinstar.com\/index.php\/wp-json\/wp\/v2\/posts\/5407\/revisions"}],"predecessor-version":[{"id":5410,"href":"https:\/\/magazinstar.com\/index.php\/wp-json\/wp\/v2\/posts\/5407\/revisions\/5410"}],"wp:featuredmedia":[{"embeddable":true,"href":"https:\/\/magazinstar.com\/index.php\/wp-json\/wp\/v2\/media\/5408"}],"wp:attachment":[{"href":"https:\/\/magazinstar.com\/index.php\/wp-json\/wp\/v2\/media?parent=5407"}],"wp:term":[{"taxonomy":"category","embeddable":true,"href":"https:\/\/magazinstar.com\/index.php\/wp-json\/wp\/v2\/categories?post=5407"},{"taxonomy":"post_tag","embeddable":true,"href":"https:\/\/magazinstar.com\/index.php\/wp-json\/wp\/v2\/tags?post=5407"}],"curies":[{"name":"wp","href":"https:\/\/api.w.org\/{rel}","templated":true}]}}