{"id":5529,"date":"2025-07-29T14:39:27","date_gmt":"2025-07-29T14:39:27","guid":{"rendered":"https:\/\/magazinstar.com\/?p=5529"},"modified":"2025-07-29T14:39:27","modified_gmt":"2025-07-29T14:39:27","slug":"the-simpsonsin-yaraticisindan-sert-cikis-fox-newsu-silin","status":"publish","type":"post","link":"https:\/\/magazinstar.com\/index.php\/2025\/07\/29\/the-simpsonsin-yaraticisindan-sert-cikis-fox-newsu-silin\/","title":{"rendered":"The Simpsons&#8221;\u0131n Yarat\u0131c\u0131s\u0131ndan Sert \u00c7\u0131k\u0131\u015f: &#8220;Fox News&#8217;u Silin!"},"content":{"rendered":"<p data-start=\"106\" data-end=\"327\"><em data-start=\"106\" data-end=\"120\">The Simpsons<\/em> ve <em data-start=\"124\" data-end=\"134\">Futurama<\/em> gibi k\u00fclt animasyon dizilerinin yarat\u0131c\u0131s\u0131 Matt Groening, San Diego Comic-Con\u2019da yapt\u0131\u011f\u0131 a\u00e7\u0131klamada Fox News hakk\u0131nda dikkat \u00e7eken bir \u00e7a\u011fr\u0131da bulundu: \u201cFox News\u2019u televizyonlar\u0131n\u0131zdan silin.\u201d<\/p>\n<p data-start=\"329\" data-end=\"653\">26 Temmuz Cumartesi g\u00fcn\u00fc d\u00fczenlenen panelde konu\u015fan Groening, <em data-start=\"391\" data-end=\"405\">The Simpsons<\/em> dizisinin y\u0131llar i\u00e7inde yapt\u0131\u011f\u0131 kehanetlerden, \u00f6rne\u011fin Donald Trump\u2019\u0131n ba\u015fkan olaca\u011f\u0131n\u0131 \u00f6ng\u00f6rmesinden bahsetti. Gelece\u011fe dair de\u011ferlendirmelerde bulunan \u00fcnl\u00fc \u00e7izer, ABD\u2019de \u00e7ocuklar\u0131n bir g\u00fcn &#8220;MAGA tarikat\u0131ndan&#8221; ebeveynlerini kurtaraca\u011f\u0131n\u0131 s\u00f6yledi.<\/p>\n<p data-start=\"329\" data-end=\"653\"><img loading=\"lazy\" decoding=\"async\" class=\"alignnone size-medium wp-image-5530\" src=\"https:\/\/magazinstar.com\/wp-content\/uploads\/2025\/07\/Matt-Groening-Fox-News-300x180.webp\" alt=\"\" width=\"300\" height=\"180\" srcset=\"https:\/\/magazinstar.com\/wp-content\/uploads\/2025\/07\/Matt-Groening-Fox-News-300x180.webp 300w, https:\/\/magazinstar.com\/wp-content\/uploads\/2025\/07\/Matt-Groening-Fox-News-1024x615.webp 1024w, https:\/\/magazinstar.com\/wp-content\/uploads\/2025\/07\/Matt-Groening-Fox-News-768x462.webp 768w, https:\/\/magazinstar.com\/wp-content\/uploads\/2025\/07\/Matt-Groening-Fox-News-600x361.webp 600w, https:\/\/magazinstar.com\/wp-content\/uploads\/2025\/07\/Matt-Groening-Fox-News.webp 1536w\" sizes=\"auto, (max-width: 300px) 100vw, 300px\" \/><\/p>\n<p data-start=\"655\" data-end=\"806\">MAGA (Make America Great Again), Donald Trump destek\u00e7ileri taraf\u0131ndan s\u0131k\u00e7a kullan\u0131lan bir slogan ve Cumhuriyet\u00e7i Parti\u2019nin sa\u011f kanad\u0131n\u0131 temsil ediyor.<\/p>\n<p data-start=\"808\" data-end=\"970\">Groening, bu \u00f6ng\u00f6r\u00fcn\u00fcn ger\u00e7ekle\u015fmesi i\u00e7in izleyicilere \u015fu \u00e7a\u011fr\u0131y\u0131 yapt\u0131:<br data-start=\"880\" data-end=\"883\" \/>\u201cTelevizyon kumandas\u0131n\u0131 al\u0131n, men\u00fcye girin, kanal listesine gidin ve Fox News\u2019u silin.\u201d<\/p>\n<p data-start=\"972\" data-end=\"1330\">Fox News, Rupert Murdoch\u2019un ailesi taraf\u0131ndan kontrol edilen, muhafazak\u00e2r g\u00f6r\u00fc\u015fleri destekleyen yay\u0131nlar\u0131yla bilinen bir kanal. S\u0131kl\u0131kla trans bireyleri hedef alan yay\u0131nlar yapt\u0131\u011f\u0131 gerek\u00e7esiyle ele\u015ftirilerin oda\u011f\u0131nda yer al\u0131yor. Son d\u00f6rt ayda, kanal hafta i\u00e7i yay\u0131nlar\u0131nda trans sporculardan 400\u2019den fazla kez bahsetti. Sadece bir haftada bu say\u0131 59\u2019u buldu.<\/p>\n<p data-start=\"1332\" data-end=\"1789\">Matt Groening\u2019in ele\u015ftirileri yeni de\u011fil. <em data-start=\"1374\" data-end=\"1388\">The Simpsons<\/em>, daha \u00f6nce de Fox News\u2019u hicvetmi\u015fti. 2010\u2019da yay\u0131nlanan \u201cThe Fool Monty\u201d adl\u0131 b\u00f6l\u00fcmde bir helikopterin \u00fczerinde \u201cFox News: Irk\u00e7\u0131 De\u011fil Ama Irk\u00e7\u0131lar Aras\u0131nda 1 Numara\u201d yaz\u0131s\u0131 yer alm\u0131\u015ft\u0131. Bu espri, d\u00f6nemin siyasi yorumcusu Bill O\u2019Reilly taraf\u0131ndan sert \u015fekilde ele\u015ftirilmi\u015fti. Dizinin sonraki b\u00f6l\u00fcm\u00fcnde ise yeni bir helikopterde \u015fu yaz\u0131 yer ald\u0131: \u201cFox News: 75 Ya\u015f Alt\u0131 \u0130zleyiciler \u0130\u00e7in Uygun De\u011fil.\u201d<\/p>\n<p data-start=\"1791\" data-end=\"1904\">Matt Groening\u2019in bu son \u00e7\u0131k\u0131\u015f\u0131, ABD\u2019de medya ve siyaset ili\u015fkileri \u00fczerine yeni tart\u0131\u015fmalar\u0131 beraberinde getirdi.<\/p>\n","protected":false},"excerpt":{"rendered":"<p>The Simpsons ve Futurama gibi k\u00fclt animasyon dizilerinin yarat\u0131c\u0131s\u0131 Matt Groening, San Diego Comic-Con\u2019da yapt\u0131\u011f\u0131 a\u00e7\u0131klamada Fox News hakk\u0131nda dikkat \u00e7eken bir \u00e7a\u011fr\u0131da bulundu: \u201cFox News\u2019u televizyonlar\u0131n\u0131zdan silin.\u201d 26 Temmuz Cumartesi g\u00fcn\u00fc d\u00fczenlenen panelde konu\u015fan Groening, The Simpsons dizisinin y\u0131llar i\u00e7inde yapt\u0131\u011f\u0131 kehanetlerden, \u00f6rne\u011fin Donald Trump\u2019\u0131n ba\u015fkan olaca\u011f\u0131n\u0131 \u00f6ng\u00f6rmesinden bahsetti. Gelece\u011fe dair de\u011ferlendirmelerde bulunan \u00fcnl\u00fc [&hellip;]<\/p>\n","protected":false},"author":5,"featured_media":5531,"comment_status":"open","ping_status":"open","sticky":false,"template":"","format":"standard","meta":{"googlesitekit_rrm_CAowy76-DA:productID":"","footnotes":""},"categories":[73,72],"tags":[335],"class_list":["post-5529","post","type-post","status-publish","format-standard","has-post-thumbnail","hentry","category-haberler","category-magazin","tag-the-simpsons"],"_links":{"self":[{"href":"https:\/\/magazinstar.com\/index.php\/wp-json\/wp\/v2\/posts\/5529","targetHints":{"allow":["GET"]}}],"collection":[{"href":"https:\/\/magazinstar.com\/index.php\/wp-json\/wp\/v2\/posts"}],"about":[{"href":"https:\/\/magazinstar.com\/index.php\/wp-json\/wp\/v2\/types\/post"}],"author":[{"embeddable":true,"href":"https:\/\/magazinstar.com\/index.php\/wp-json\/wp\/v2\/users\/5"}],"replies":[{"embeddable":true,"href":"https:\/\/magazinstar.com\/index.php\/wp-json\/wp\/v2\/comments?post=5529"}],"version-history":[{"count":3,"href":"https:\/\/magazinstar.com\/index.php\/wp-json\/wp\/v2\/posts\/5529\/revisions"}],"predecessor-version":[{"id":5534,"href":"https:\/\/magazinstar.com\/index.php\/wp-json\/wp\/v2\/posts\/5529\/revisions\/5534"}],"wp:featuredmedia":[{"embeddable":true,"href":"https:\/\/magazinstar.com\/index.php\/wp-json\/wp\/v2\/media\/5531"}],"wp:attachment":[{"href":"https:\/\/magazinstar.com\/index.php\/wp-json\/wp\/v2\/media?parent=5529"}],"wp:term":[{"taxonomy":"category","embeddable":true,"href":"https:\/\/magazinstar.com\/index.php\/wp-json\/wp\/v2\/categories?post=5529"},{"taxonomy":"post_tag","embeddable":true,"href":"https:\/\/magazinstar.com\/index.php\/wp-json\/wp\/v2\/tags?post=5529"}],"curies":[{"name":"wp","href":"https:\/\/api.w.org\/{rel}","templated":true}]}}