{"id":5551,"date":"2025-08-03T12:48:50","date_gmt":"2025-08-03T12:48:50","guid":{"rendered":"https:\/\/magazinstar.com\/?p=5551"},"modified":"2025-08-03T12:48:50","modified_gmt":"2025-08-03T12:48:50","slug":"csd-acik-fikirliligin-ve-demokratik-kulturun-simgesi-olmali","status":"publish","type":"post","link":"https:\/\/magazinstar.com\/index.php\/2025\/08\/03\/csd-acik-fikirliligin-ve-demokratik-kulturun-simgesi-olmali\/","title":{"rendered":"CSD, A\u00e7\u0131k Fikirlili\u011fin ve Demokratik K\u00fclt\u00fcr\u00fcn Simgesi Olmal\u0131"},"content":{"rendered":"<div id=\"artikelhead\" class=\"artikelhead\"><\/div>\n<div class=\"container\">\n<div id=\"vidbreite\" class=\"content artikel\">\n<p data-start=\"208\" data-end=\"618\">Almanya&#8217;da artan tehditler ve g\u00fcvenlik endi\u015feleri nedeniyle baz\u0131 \u015fehirlerde CSD (Christopher Street Day) etkinliklerinin iptal edilmesi veya yar\u0131da kesilmesi, dikkatleri bu kutlamalar\u0131n g\u00fcvenli\u011fi ve toplum i\u00e7indeki yeri \u00fczerine \u00e7ekti. Turizmin bu t\u00fcr etkinliklerle olan ili\u015fkisi de yeniden tart\u0131\u015fma konusu oldu. Alman Turizm Birli\u011fi (DTV) Genel M\u00fcd\u00fcr\u00fc Norbert Kunz, bu konuda \u00f6nemli de\u011ferlendirmelerde bulundu.<\/p>\n<p data-start=\"620\" data-end=\"682\"><strong data-start=\"620\" data-end=\"682\">&#8220;G\u00fcvenlik sadece bireysel de\u011fil, toplumsal bir sorumluluk&#8221;<\/strong><\/p>\n<p data-start=\"684\" data-end=\"1081\">Norbert Kunz, \u00f6zellikle k\u00fc\u00e7\u00fck \u015fehirlerde CSD y\u00fcr\u00fcy\u00fc\u015flerinin giderek daha fazla tehdit alt\u0131nda oldu\u011funu belirtti:<br data-start=\"796\" data-end=\"799\" \/>\u201cBerlin gibi b\u00fcy\u00fck \u015fehirlerde kalabal\u0131k bir kitle do\u011fal bir koruma sa\u011fl\u0131yor. Ancak k\u00fc\u00e7\u00fck yerlerde, y\u00fcr\u00fcy\u00fc\u015fe sadece 100 ki\u015finin kat\u0131ld\u0131\u011f\u0131 durumlarda g\u00fcvenlik b\u00fcy\u00fck bir sorun haline geliyor. G\u00fcvende hissetmeyen insanlar bir yere seyahat etmek istemez. Bu da do\u011frudan turizmi etkiler.\u201d<\/p>\n<p data-start=\"1083\" data-end=\"1137\"><strong data-start=\"1083\" data-end=\"1137\">&#8220;CSD, Almanya&#8217;n\u0131n d\u00fcnyaya a\u00e7\u0131lan y\u00fczlerinden biri&#8221;<\/strong><\/p>\n<p data-start=\"1139\" data-end=\"1501\">Kunz, CSD\u2019nin sadece bir kutlama de\u011fil, ayn\u0131 zamanda Almanya\u2019n\u0131n d\u00fcnyaya ne kadar a\u00e7\u0131k ve kapsay\u0131c\u0131 oldu\u011funu g\u00f6steren bir vitrin oldu\u011funu vurgulad\u0131. \u201cBu etkinliklere yurt i\u00e7inden ve d\u0131\u015f\u0131ndan \u00e7ok say\u0131da insan geliyor. Hamburg ve Berlin gibi \u015fehirlerin turizm kurumlar\u0131 bu etkinliklere aktif destek veriyor. Hedefimiz bu yakla\u015f\u0131m\u0131n yerel d\u00fczeyde de normalle\u015fmesi.\u201d<\/p>\n<p data-start=\"1503\" data-end=\"1554\"><strong data-start=\"1503\" data-end=\"1554\">&#8220;CSD sadece bir grup insan\u0131n meselesi de\u011fildir&#8221;<\/strong><\/p>\n<p data-start=\"1556\" data-end=\"1932\">Kunz&#8217;a g\u00f6re CSD etkinlikleri sadece bir toplulu\u011fun de\u011fil, t\u00fcm toplumun demokratik de\u011ferlerini yans\u0131tan etkinliklerdir.<br data-start=\"1674\" data-end=\"1677\" \/>\u201cBu etkinlikleri yaln\u0131zca g\u00fcvenlik a\u00e7\u0131s\u0131ndan de\u011ferlendirmemek gerek. Ayn\u0131 zamanda \u00e7e\u015fitlili\u011fin ve ho\u015fg\u00f6r\u00fcn\u00fcn bir g\u00f6stergesidir. Bu, toplumun genel yap\u0131s\u0131yla ilgili bir meseledir ve h\u00fck\u00fcmetin bu etkinliklerin g\u00fcvenli\u011fini sa\u011flamakla sorumlu olmas\u0131 gerekir.\u201d<\/p>\n<p data-start=\"1934\" data-end=\"1984\"><strong data-start=\"1934\" data-end=\"1984\">&#8220;Turizm sekt\u00f6r\u00fc i\u00e7in bir f\u0131rsat: Kapsay\u0131c\u0131l\u0131k&#8221;<\/strong><\/p>\n<p data-start=\"1986\" data-end=\"2318\">Alman Turizm Birli\u011fi, ge\u00e7ti\u011fimiz y\u0131llarda \u00c7e\u015fitlilik S\u00f6zle\u015fmesi\u2019ni imzalad\u0131. Kunz, bu imzan\u0131n sadece sembolik kalmamas\u0131 i\u00e7in, somut ad\u0131mlar at\u0131lmas\u0131 gerekti\u011fini s\u00f6yl\u00fcyor.<br data-start=\"2156\" data-end=\"2159\" \/>\u201cCSD gibi etkinliklerin kal\u0131c\u0131 ve g\u00fcvenli \u015fekilde var olabilmesi i\u00e7in yerel y\u00f6netimlerle, sivil toplumla ve di\u011fer payda\u015flarla daha yak\u0131n \u00e7al\u0131\u015fmam\u0131z gerekiyor.\u201d<\/p>\n<p data-start=\"2320\" data-end=\"2359\"><strong data-start=\"2320\" data-end=\"2359\">&#8220;\u0130leti\u015fim kurun, i\u015f birli\u011fi aray\u0131n&#8221;<\/strong><\/p>\n<p data-start=\"2361\" data-end=\"2593\">Kunz, yerel CSD d\u00fczenleyicilerine de \u00e7a\u011fr\u0131da bulunuyor: \u201cB\u00f6lgenizdeki turizm kurumlar\u0131na do\u011frudan ula\u015f\u0131n, birlikte konu\u015fun. \u00c7\u00fcnk\u00fc kapsay\u0131c\u0131l\u0131k ve a\u00e7\u0131kl\u0131k, sadece demokratik de\u011fil, ayn\u0131 zamanda ekonomik olarak da turizmin temelidir.\u201d<\/p>\n<p data-start=\"2595\" data-end=\"2641\"><strong data-start=\"2595\" data-end=\"2641\">&#8220;Demokratik festivallere sahip \u00e7\u0131kmal\u0131y\u0131z&#8221;<\/strong><\/p>\n<p data-start=\"2643\" data-end=\"2974\">Kunz, baz\u0131 CSD etkinliklerinde kar\u015f\u0131t gruplar\u0131n resmi izinle y\u00fcr\u00fcy\u00fc\u015fe kat\u0131lmas\u0131na da dikkat \u00e7ekiyor:<br data-start=\"2743\" data-end=\"2746\" \/>\u201cBu t\u00fcr durumlar sorgulanmal\u0131. Demokratik de\u011ferlere sahip \u00e7\u0131kan t\u00fcm akt\u00f6rlerin \u2013 \u00f6zellikle yerel y\u00f6netimlerin \u2013 bu konuda kararl\u0131 bir duru\u015f sergilemesi gerekir. Bu, uzun vadeli bir \u00e7aba gerektirebilir ama kesinlikle gereklidir.\u201d<\/p>\n<p data-start=\"2976\" data-end=\"3023\"><strong data-start=\"2976\" data-end=\"3023\">&#8220;\u00d6zg\u00fcrl\u00fck tesad\u00fcfen kazan\u0131lmad\u0131, korunmal\u0131&#8221;<\/strong><\/p>\n<p data-start=\"3025\" data-end=\"3425\">Almanya\u2019n\u0131n bir\u00e7ok \u00fclkeye g\u00f6re h\u00e2l\u00e2 g\u00fcvenli bir yer olarak g\u00f6r\u00fclmesinin, rastlant\u0131 de\u011fil, demokratik kazan\u0131mlar\u0131n sonucu oldu\u011funu belirten Kunz, \u015funlar\u0131 ekledi:<br data-start=\"3185\" data-end=\"3188\" \/>\u201cBaz\u0131 \u00fclkelerde LGBT\u0130+ bireyler h\u00e2l\u00e2 devlet eliyle bask\u0131 alt\u0131nda. Almanya\u2019da sahip oldu\u011fumuz \u00f6zg\u00fcrl\u00fcklerin de\u011ferini bilmeli ve bunlar\u0131 savunmal\u0131y\u0131z. Turizm alan\u0131nda bu bilinci art\u0131rmak ve g\u00fcvenli alanlar olu\u015fturmak bizim sorumlulu\u011fumuz.\u201d<\/p>\n<\/div>\n<\/div>\n","protected":false},"excerpt":{"rendered":"<p>Almanya&#8217;da artan tehditler ve g\u00fcvenlik endi\u015feleri nedeniyle baz\u0131 \u015fehirlerde CSD (Christopher Street Day) etkinliklerinin iptal edilmesi veya yar\u0131da kesilmesi, dikkatleri bu kutlamalar\u0131n g\u00fcvenli\u011fi ve toplum i\u00e7indeki yeri \u00fczerine \u00e7ekti. Turizmin bu t\u00fcr etkinliklerle olan ili\u015fkisi de yeniden tart\u0131\u015fma konusu oldu. Alman Turizm Birli\u011fi (DTV) Genel M\u00fcd\u00fcr\u00fc Norbert Kunz, bu konuda \u00f6nemli de\u011ferlendirmelerde bulundu. &#8220;G\u00fcvenlik sadece [&hellip;]<\/p>\n","protected":false},"author":5,"featured_media":5552,"comment_status":"open","ping_status":"open","sticky":false,"template":"","format":"standard","meta":{"googlesitekit_rrm_CAowy76-DA:productID":"","footnotes":""},"categories":[72,194],"tags":[199,94,97,101],"class_list":["post-5551","post","type-post","status-publish","format-standard","has-post-thumbnail","hentry","category-magazin","category-tum-haberler","tag-berlin","tag-hamburg","tag-pride","tag-queer"],"_links":{"self":[{"href":"https:\/\/magazinstar.com\/index.php\/wp-json\/wp\/v2\/posts\/5551","targetHints":{"allow":["GET"]}}],"collection":[{"href":"https:\/\/magazinstar.com\/index.php\/wp-json\/wp\/v2\/posts"}],"about":[{"href":"https:\/\/magazinstar.com\/index.php\/wp-json\/wp\/v2\/types\/post"}],"author":[{"embeddable":true,"href":"https:\/\/magazinstar.com\/index.php\/wp-json\/wp\/v2\/users\/5"}],"replies":[{"embeddable":true,"href":"https:\/\/magazinstar.com\/index.php\/wp-json\/wp\/v2\/comments?post=5551"}],"version-history":[{"count":1,"href":"https:\/\/magazinstar.com\/index.php\/wp-json\/wp\/v2\/posts\/5551\/revisions"}],"predecessor-version":[{"id":5553,"href":"https:\/\/magazinstar.com\/index.php\/wp-json\/wp\/v2\/posts\/5551\/revisions\/5553"}],"wp:featuredmedia":[{"embeddable":true,"href":"https:\/\/magazinstar.com\/index.php\/wp-json\/wp\/v2\/media\/5552"}],"wp:attachment":[{"href":"https:\/\/magazinstar.com\/index.php\/wp-json\/wp\/v2\/media?parent=5551"}],"wp:term":[{"taxonomy":"category","embeddable":true,"href":"https:\/\/magazinstar.com\/index.php\/wp-json\/wp\/v2\/categories?post=5551"},{"taxonomy":"post_tag","embeddable":true,"href":"https:\/\/magazinstar.com\/index.php\/wp-json\/wp\/v2\/tags?post=5551"}],"curies":[{"name":"wp","href":"https:\/\/api.w.org\/{rel}","templated":true}]}}