{"id":5590,"date":"2025-08-19T15:59:45","date_gmt":"2025-08-19T15:59:45","guid":{"rendered":"https:\/\/magazinstar.com\/?p=5590"},"modified":"2025-08-19T15:59:45","modified_gmt":"2025-08-19T15:59:45","slug":"emma-corrin-miu-miu-kendini-fazla-ciddiye-almiyor-bu-yuzden-hayraniyim","status":"publish","type":"post","link":"https:\/\/magazinstar.com\/index.php\/2025\/08\/19\/emma-corrin-miu-miu-kendini-fazla-ciddiye-almiyor-bu-yuzden-hayraniyim\/","title":{"rendered":"Emma Corrin: \u201cMiu Miu kendini fazla ciddiye alm\u0131yor, bu y\u00fczden hayran\u0131y\u0131m\u201d"},"content":{"rendered":"<p data-start=\"245\" data-end=\"463\">\u00dcnl\u00fc oyuncu <strong data-start=\"257\" data-end=\"272\">Emma Corrin<\/strong>, MagazinStar&#8217;a verdi\u011fi \u00f6zel r\u00f6portajda hem yeni rol\u00fcn\u00fc hem de Miu Miu ile y\u0131llard\u0131r s\u00fcren yak\u0131n i\u015fbirli\u011fini anlatt\u0131. Corrin, markan\u0131n yeni parf\u00fcm\u00fc <strong data-start=\"422\" data-end=\"447\">Miutine Eau de Parfum<\/strong>\u2019\u00fcn y\u00fcz\u00fc oldu.<\/p>\n<p data-start=\"465\" data-end=\"731\">Jane Austen\u2019in \u00f6l\u00fcms\u00fcz eseri <em data-start=\"494\" data-end=\"508\">A\u015fk ve Gurur<\/em>\u2019daki Elizabeth Bennet karakterini canland\u0131rmaya haz\u0131rlanan Corrin, Bennet\u2019in \u201cba\u011f\u0131ms\u0131z ve kendi kurallar\u0131n\u0131 koyan bir kad\u0131n\u201d oldu\u011funu s\u00f6yl\u00fcyor. Oyuncuya g\u00f6re bu ruh, Miu Miu\u2019nun yeni kokusu Miutine ile birebir \u00f6rt\u00fc\u015f\u00fcyor.<\/p>\n<p data-start=\"465\" data-end=\"731\"><img loading=\"lazy\" decoding=\"async\" class=\"alignnone size-medium wp-image-5592\" src=\"https:\/\/magazinstar.com\/wp-content\/uploads\/2025\/08\/1420205-300x225.avif\" alt=\"\" width=\"300\" height=\"225\" srcset=\"https:\/\/magazinstar.com\/wp-content\/uploads\/2025\/08\/1420205-300x225.avif 300w, https:\/\/magazinstar.com\/wp-content\/uploads\/2025\/08\/1420205-768x576.avif 768w, https:\/\/magazinstar.com\/wp-content\/uploads\/2025\/08\/1420205-600x450.avif 600w, https:\/\/magazinstar.com\/wp-content\/uploads\/2025\/08\/1420205.avif 900w\" sizes=\"auto, (max-width: 300px) 100vw, 300px\" \/><\/p>\n<h3 data-start=\"733\" data-end=\"765\">\u201cKoku, an\u0131larla \u00e7ok ba\u011fl\u0131\u201d<\/h3>\n<p data-start=\"766\" data-end=\"830\">Corrin, kokular\u0131n hayat\u0131nda \u00f6zel bir yeri oldu\u011funu belirtiyor:<\/p>\n<p data-start=\"766\" data-end=\"830\">\u201cBence kokular en \u00e7ok insanlarla ilgili. Arkada\u015flar\u0131n\u0131n kulland\u0131\u011f\u0131 parf\u00fcmler, sokakta o kokuyu duyunca onlar\u0131 hat\u0131rlat\u0131yor. Ayr\u0131ca do\u011fa kokular\u0131 da \u00e7ok \u00f6nemli, sabah erken \u00e7\u0131kt\u0131\u011f\u0131nda havadaki \u00e7i\u011f kokusu bana hep nostalji hissettirir.\u201d<\/p>\n<p data-start=\"766\" data-end=\"830\"><img loading=\"lazy\" decoding=\"async\" class=\"alignnone size-medium wp-image-5593\" src=\"https:\/\/magazinstar.com\/wp-content\/uploads\/2025\/08\/1420203-225x300.avif\" alt=\"\" width=\"225\" height=\"300\" srcset=\"https:\/\/magazinstar.com\/wp-content\/uploads\/2025\/08\/1420203-225x300.avif 225w, https:\/\/magazinstar.com\/wp-content\/uploads\/2025\/08\/1420203-600x800.avif 600w, https:\/\/magazinstar.com\/wp-content\/uploads\/2025\/08\/1420203.avif 640w\" sizes=\"auto, (max-width: 225px) 100vw, 225px\" \/><\/p>\n<h3 data-start=\"1071\" data-end=\"1106\">\u201cMiu Miu e\u011flenceli ve samimi\u201d<\/h3>\n<p data-start=\"1107\" data-end=\"1213\">\u00dcnl\u00fc oyuncu, y\u0131llard\u0131r defilelerde ve kampanyalarda yer ald\u0131\u011f\u0131 Miu Miu markas\u0131n\u0131 \u201caile gibi\u201d tan\u0131ml\u0131yor:<\/p>\n<p data-start=\"1107\" data-end=\"1213\">\u201cOnlar \u00f6zg\u00fcnl\u00fc\u011f\u00fcn ve bireyselli\u011fin savunucusu. \u00c7ok l\u00fcks bir markan\u0131n bu kadar samimi ve e\u011flenceli olmas\u0131 nadir g\u00f6r\u00fclen bir \u015fey. Kendilerini fazla ciddiye almamalar\u0131 \u00e7ok ho\u015fuma gidiyor.\u201d<\/p>\n<p data-start=\"1107\" data-end=\"1213\"><img loading=\"lazy\" decoding=\"async\" class=\"alignnone size-medium wp-image-5594\" src=\"https:\/\/magazinstar.com\/wp-content\/uploads\/2025\/08\/1420202-225x300.avif\" alt=\"\" width=\"225\" height=\"300\" srcset=\"https:\/\/magazinstar.com\/wp-content\/uploads\/2025\/08\/1420202-225x300.avif 225w, https:\/\/magazinstar.com\/wp-content\/uploads\/2025\/08\/1420202-600x800.avif 600w, https:\/\/magazinstar.com\/wp-content\/uploads\/2025\/08\/1420202.avif 640w\" sizes=\"auto, (max-width: 225px) 100vw, 225px\" \/><\/p>\n<h3 data-start=\"1405\" data-end=\"1433\">Yeni film ve yeni koku<\/h3>\n<p data-start=\"1434\" data-end=\"1635\">Emma Corrin, \u015fu s\u0131ralar <em data-start=\"1458\" data-end=\"1472\">A\u015fk ve Gurur<\/em>\u2019un yeni uyarlamas\u0131nda Elizabeth Bennet rol\u00fc i\u00e7in kamera kar\u015f\u0131s\u0131na ge\u00e7iyor. Ayn\u0131 d\u00f6nemde Miutine kampanyas\u0131nda yer alan oyuncu, bu deneyimi de keyifle anlat\u0131yor:<\/p>\n<p data-start=\"1434\" data-end=\"1635\">\u201cKampanya \u00e7ekimleri \u00e7ok farkl\u0131 ve e\u011flenceliydi. Miu Miu\u2019nun ruhunu yans\u0131tan yarat\u0131c\u0131 bir ekiple \u00e7al\u0131\u015ft\u0131m. Bu projeyle parf\u00fcm d\u00fcnyas\u0131na ad\u0131m atmak benim i\u00e7in harika bir tecr\u00fcbeydi.\u201d<\/p>\n","protected":false},"excerpt":{"rendered":"<p>\u00dcnl\u00fc oyuncu Emma Corrin, MagazinStar&#8217;a verdi\u011fi \u00f6zel r\u00f6portajda hem yeni rol\u00fcn\u00fc hem de Miu Miu ile y\u0131llard\u0131r s\u00fcren yak\u0131n i\u015fbirli\u011fini anlatt\u0131. Corrin, markan\u0131n yeni parf\u00fcm\u00fc Miutine Eau de Parfum\u2019\u00fcn y\u00fcz\u00fc oldu. Jane Austen\u2019in \u00f6l\u00fcms\u00fcz eseri A\u015fk ve Gurur\u2019daki Elizabeth Bennet karakterini canland\u0131rmaya haz\u0131rlanan Corrin, Bennet\u2019in \u201cba\u011f\u0131ms\u0131z ve kendi kurallar\u0131n\u0131 koyan bir kad\u0131n\u201d oldu\u011funu s\u00f6yl\u00fcyor. Oyuncuya [&hellip;]<\/p>\n","protected":false},"author":5,"featured_media":5591,"comment_status":"open","ping_status":"open","sticky":false,"template":"","format":"standard","meta":{"googlesitekit_rrm_CAowy76-DA:productID":"","footnotes":""},"categories":[194,72],"tags":[351,354,352,353],"class_list":["post-5590","post","type-post","status-publish","format-standard","has-post-thumbnail","hentry","category-tum-haberler","category-magazin","tag-emma-corrin","tag-jane-austen","tag-miu-miu","tag-miutine-eau-de-parfum"],"_links":{"self":[{"href":"https:\/\/magazinstar.com\/index.php\/wp-json\/wp\/v2\/posts\/5590","targetHints":{"allow":["GET"]}}],"collection":[{"href":"https:\/\/magazinstar.com\/index.php\/wp-json\/wp\/v2\/posts"}],"about":[{"href":"https:\/\/magazinstar.com\/index.php\/wp-json\/wp\/v2\/types\/post"}],"author":[{"embeddable":true,"href":"https:\/\/magazinstar.com\/index.php\/wp-json\/wp\/v2\/users\/5"}],"replies":[{"embeddable":true,"href":"https:\/\/magazinstar.com\/index.php\/wp-json\/wp\/v2\/comments?post=5590"}],"version-history":[{"count":1,"href":"https:\/\/magazinstar.com\/index.php\/wp-json\/wp\/v2\/posts\/5590\/revisions"}],"predecessor-version":[{"id":5595,"href":"https:\/\/magazinstar.com\/index.php\/wp-json\/wp\/v2\/posts\/5590\/revisions\/5595"}],"wp:featuredmedia":[{"embeddable":true,"href":"https:\/\/magazinstar.com\/index.php\/wp-json\/wp\/v2\/media\/5591"}],"wp:attachment":[{"href":"https:\/\/magazinstar.com\/index.php\/wp-json\/wp\/v2\/media?parent=5590"}],"wp:term":[{"taxonomy":"category","embeddable":true,"href":"https:\/\/magazinstar.com\/index.php\/wp-json\/wp\/v2\/categories?post=5590"},{"taxonomy":"post_tag","embeddable":true,"href":"https:\/\/magazinstar.com\/index.php\/wp-json\/wp\/v2\/tags?post=5590"}],"curies":[{"name":"wp","href":"https:\/\/api.w.org\/{rel}","templated":true}]}}