{"id":5640,"date":"2025-09-16T19:47:41","date_gmt":"2025-09-16T19:47:41","guid":{"rendered":"https:\/\/magazinstar.com\/?p=5640"},"modified":"2025-09-16T19:47:41","modified_gmt":"2025-09-16T19:47:41","slug":"ab-komisyonuna-yeni-guvensizlik-oylamasi-von-der-leyen-hedefte","status":"publish","type":"post","link":"https:\/\/magazinstar.com\/index.php\/2025\/09\/16\/ab-komisyonuna-yeni-guvensizlik-oylamasi-von-der-leyen-hedefte\/","title":{"rendered":"AB Komisyonu\u2019na Yeni G\u00fcvensizlik Oylamas\u0131: Von der Leyen Hedefte"},"content":{"rendered":"<p data-start=\"148\" data-end=\"470\">Avrupa Birli\u011fi Komisyonu Ba\u015fkan\u0131 Ursula von der Leyen ve ekibi, ekim ay\u0131 ba\u015f\u0131nda Avrupa Parlamentosu\u2019nda yeni g\u00fcvensizlik oylamalar\u0131yla kar\u015f\u0131 kar\u015f\u0131ya. G\u00fcvensizlik \u00f6nergeleri, sa\u011fc\u0131 PfE Grubu ile Sol Grup taraf\u0131ndan sunuldu. Her ne kadar oylama t\u00fcm Komisyon\u2019u kapsasa da ele\u015ftirilerin odak noktas\u0131 do\u011frudan von der Leyen.<\/p>\n<p data-start=\"472\" data-end=\"944\">Komisyon, daha temmuz ay\u0131nda yap\u0131lan ilk g\u00fcvensizlik oylamas\u0131n\u0131 atlatm\u0131\u015ft\u0131. Ancak PfE Grubu\u2019nun sundu\u011fu yeni \u00f6nerge, \u00f6zellikle von der Leyen\u2019in <strong data-start=\"616\" data-end=\"698\">iklim politikas\u0131, g\u00f6\u00e7 politikas\u0131, \u015feffafl\u0131k eksikli\u011fi ve \u201csans\u00fcr\u201d uygulamalar\u0131<\/strong> \u00fczerinden ele\u015ftiriler i\u00e7eriyor. Sol Grup ise Komisyon\u2019un ABD Ba\u015fkan\u0131 Trump ile imzalad\u0131\u011f\u0131 <strong data-start=\"789\" data-end=\"820\">\u201cy\u0131k\u0131c\u0131 g\u00fcmr\u00fck anla\u015fmas\u0131n\u0131\u201d<\/strong> sert bir dille ele\u015ftirdi; bu anla\u015fman\u0131n Avrupa sanayisine zarar verece\u011fini ve binlerce i\u015f yerini tehdit etti\u011fini savundu.<\/p>\n<p data-start=\"946\" data-end=\"1044\">Ayr\u0131ca Komisyon\u2019a, <strong data-start=\"965\" data-end=\"1018\">Gazze\u2019deki insani krize uzun s\u00fcre sessiz kalmakla<\/strong> su\u00e7lamalar\u0131 y\u00f6neltildi.<\/p>\n<p data-start=\"1046\" data-end=\"1399\">G\u00fcvensizlik \u00f6nergelerinin parlamentoda g\u00f6r\u00fc\u015f\u00fclmesi i\u00e7in milletvekillerinin en az onda birinin deste\u011fi gerekiyor. Ancak \u00f6nergelerin kabul edilmesi pek olas\u0131 g\u00f6r\u00fclm\u00fcyor. Zira bunun i\u00e7in hem parlamentodaki \u00fcyelerin \u00e7o\u011funlu\u011funun hem de kullan\u0131lan oylar\u0131n \u00fc\u00e7te ikisinin onay\u0131 \u015fart. Temmuzdaki oylamada Komisyon 688 oyun 370\u2019ini alarak g\u00f6revini s\u00fcrd\u00fcrm\u00fc\u015ft\u00fc.<\/p>\n<p data-start=\"1401\" data-end=\"1708\">Avrupa Parlamentosu\u2019nda g\u00fcvensizlik \u00f6nergeleri nadir g\u00f6r\u00fcl\u00fcyor. 2014\u2019te Jean-Claude Juncker liderli\u011findeki Komisyon\u2019a kar\u015f\u0131 bir \u00f6nerge ba\u015far\u0131s\u0131z olmu\u015f, 1999\u2019da ise Jacques Santer ba\u015fkanl\u0131\u011f\u0131ndaki Komisyon, hakk\u0131nda haz\u0131rlanan olumsuz rapor sonras\u0131 muhtemel g\u00fcvensizlik oylamas\u0131n\u0131 beklemeden istifa etmi\u015fti.<\/p>\n","protected":false},"excerpt":{"rendered":"<p>Avrupa Birli\u011fi Komisyonu Ba\u015fkan\u0131 Ursula von der Leyen ve ekibi, ekim ay\u0131 ba\u015f\u0131nda Avrupa Parlamentosu\u2019nda yeni g\u00fcvensizlik oylamalar\u0131yla kar\u015f\u0131 kar\u015f\u0131ya. G\u00fcvensizlik \u00f6nergeleri, sa\u011fc\u0131 PfE Grubu ile Sol Grup taraf\u0131ndan sunuldu. Her ne kadar oylama t\u00fcm Komisyon\u2019u kapsasa da ele\u015ftirilerin odak noktas\u0131 do\u011frudan von der Leyen. Komisyon, daha temmuz ay\u0131nda yap\u0131lan ilk g\u00fcvensizlik oylamas\u0131n\u0131 atlatm\u0131\u015ft\u0131. Ancak [&hellip;]<\/p>\n","protected":false},"author":5,"featured_media":5641,"comment_status":"open","ping_status":"open","sticky":false,"template":"","format":"standard","meta":{"googlesitekit_rrm_CAowy76-DA:productID":"","footnotes":""},"categories":[194,73],"tags":[],"class_list":["post-5640","post","type-post","status-publish","format-standard","has-post-thumbnail","hentry","category-tum-haberler","category-haberler"],"_links":{"self":[{"href":"https:\/\/magazinstar.com\/index.php\/wp-json\/wp\/v2\/posts\/5640","targetHints":{"allow":["GET"]}}],"collection":[{"href":"https:\/\/magazinstar.com\/index.php\/wp-json\/wp\/v2\/posts"}],"about":[{"href":"https:\/\/magazinstar.com\/index.php\/wp-json\/wp\/v2\/types\/post"}],"author":[{"embeddable":true,"href":"https:\/\/magazinstar.com\/index.php\/wp-json\/wp\/v2\/users\/5"}],"replies":[{"embeddable":true,"href":"https:\/\/magazinstar.com\/index.php\/wp-json\/wp\/v2\/comments?post=5640"}],"version-history":[{"count":2,"href":"https:\/\/magazinstar.com\/index.php\/wp-json\/wp\/v2\/posts\/5640\/revisions"}],"predecessor-version":[{"id":5643,"href":"https:\/\/magazinstar.com\/index.php\/wp-json\/wp\/v2\/posts\/5640\/revisions\/5643"}],"wp:featuredmedia":[{"embeddable":true,"href":"https:\/\/magazinstar.com\/index.php\/wp-json\/wp\/v2\/media\/5641"}],"wp:attachment":[{"href":"https:\/\/magazinstar.com\/index.php\/wp-json\/wp\/v2\/media?parent=5640"}],"wp:term":[{"taxonomy":"category","embeddable":true,"href":"https:\/\/magazinstar.com\/index.php\/wp-json\/wp\/v2\/categories?post=5640"},{"taxonomy":"post_tag","embeddable":true,"href":"https:\/\/magazinstar.com\/index.php\/wp-json\/wp\/v2\/tags?post=5640"}],"curies":[{"name":"wp","href":"https:\/\/api.w.org\/{rel}","templated":true}]}}