{"id":5653,"date":"2025-09-21T15:51:09","date_gmt":"2025-09-21T15:51:09","guid":{"rendered":"https:\/\/magazinstar.com\/?p=5653"},"modified":"2025-09-21T15:53:25","modified_gmt":"2025-09-21T15:53:25","slug":"feyyaz-yigit-ve-haluk-bilginerin-yeni-filmi-yan-yanadan-ilk-tanitim-yayinlandi","status":"publish","type":"post","link":"https:\/\/magazinstar.com\/index.php\/2025\/09\/21\/feyyaz-yigit-ve-haluk-bilginerin-yeni-filmi-yan-yanadan-ilk-tanitim-yayinlandi\/","title":{"rendered":"Feyyaz Yi\u011fit ve Haluk Bilginer\u2019in Yeni Filmi \u201cYan Yana\u201ddan \u0130lk Tan\u0131t\u0131m Yay\u0131nland\u0131"},"content":{"rendered":"<article class=\"text-token-text-primary w-full focus:outline-none scroll-mt-[calc(var(--header-height)+min(200px,max(70px,20svh)))]\" dir=\"auto\" tabindex=\"-1\" data-turn-id=\"request-WEB:be66e939-f825-4cbd-b34c-b2ee75bd8e25-3\" data-testid=\"conversation-turn-8\" data-scroll-anchor=\"true\" data-turn=\"assistant\">\n<div class=\"text-base my-auto mx-auto pb-10 [--thread-content-margin:--spacing(4)] thread-sm:[--thread-content-margin:--spacing(6)] thread-lg:[--thread-content-margin:--spacing(16)] px-(--thread-content-margin)\">\n<div class=\"[--thread-content-max-width:40rem] thread-lg:[--thread-content-max-width:48rem] mx-auto max-w-(--thread-content-max-width) flex-1 group\/turn-messages focus-visible:outline-hidden relative flex w-full min-w-0 flex-col agent-turn\" tabindex=\"-1\">\n<div class=\"flex max-w-full flex-col grow\">\n<div class=\"min-h-8 text-message relative flex w-full flex-col items-end gap-2 text-start break-words whitespace-normal [.text-message+&amp;]:mt-5\" dir=\"auto\" data-message-author-role=\"assistant\" data-message-id=\"3bf5d910-a853-459d-bd60-2eb35ded30c5\" data-message-model-slug=\"gpt-5-mini\">\n<div class=\"flex w-full flex-col gap-1 empty:hidden first:pt-[3px]\">\n<div class=\"markdown prose dark:prose-invert w-full break-words light markdown-new-styling\">\n<p data-start=\"89\" data-end=\"266\">Feyyaz Yi\u011fit ve Haluk Bilginer\u2019in ba\u015frollerini payla\u015ft\u0131\u011f\u0131, Frans\u0131z yap\u0131m\u0131 <em data-start=\"163\" data-end=\"190\">Can Dostum (Intouchables)<\/em> filminden uyarlanan <em data-start=\"211\" data-end=\"221\">Yan Yana<\/em>\u2019n\u0131n ilk tan\u0131t\u0131m\u0131 sinemaseverlerle bulu\u015ftu.<\/p>\n<p data-start=\"268\" data-end=\"495\">Mert Baykal\u2019\u0131n y\u00f6netmenli\u011fini \u00fcstlendi\u011fi film, 14 Kas\u0131m\u2019da vizyona girecek. Yap\u0131mc\u0131l\u0131\u011f\u0131n\u0131 NuLook Production ad\u0131na Muzaffer Y\u0131ld\u0131r\u0131m\u2019\u0131n \u00fcstlendi\u011fi filmin senaryosunu Aziz Kedi, Feyyaz Yi\u011fit ve Mert Baykal birlikte kaleme ald\u0131.<\/p>\n<p data-start=\"497\" data-end=\"796\">IMAX teknolojisiyle izleyiciyle bulu\u015facak filmde Haluk Bilginer ve Feyyaz Yi\u011fit\u2019in yan\u0131 s\u0131ra Hatice Aslan, Bige \u00d6nal, \u015eevval Sam, Meyra Ahsen Temel, \u015eirin \u00d6ten, Berk G\u00fcndem, \u015eafak Topal, Kubilay Penbeklio\u011flu, Berat \u00c7a\u011fan, Ceyla Karadeniz, Murat Onuk ve Elif Gizem Aykul gibi isimler de rol al\u0131yor.<\/p>\n<p data-start=\"798\" data-end=\"943\" data-is-last-node=\"\" data-is-only-node=\"\">Film, soyut d\u0131\u015favurumcu bir dostlu\u011fun s\u0131cak ve dokunakl\u0131 hikayesini beyaz perdeye ta\u015f\u0131yor ve iki usta oyuncunun performanslar\u0131yla dikkat \u00e7ekiyor.<\/p>\n<\/div>\n<\/div>\n<\/div>\n<\/div>\n<div class=\"flex min-h-[46px] justify-start\"><\/div>\n<div class=\"mt-3 w-full empty:hidden\"><\/div>\n<\/div>\n<\/div>\n<\/article>\n<div class=\"pointer-events-none h-px w-px\" aria-hidden=\"true\" data-edge=\"true\"><\/div>\n","protected":false},"excerpt":{"rendered":"<p>Feyyaz Yi\u011fit ve Haluk Bilginer\u2019in ba\u015frollerini payla\u015ft\u0131\u011f\u0131, Frans\u0131z yap\u0131m\u0131 Can Dostum (Intouchables) filminden uyarlanan Yan Yana\u2019n\u0131n ilk tan\u0131t\u0131m\u0131 sinemaseverlerle bulu\u015ftu. Mert Baykal\u2019\u0131n y\u00f6netmenli\u011fini \u00fcstlendi\u011fi film, 14 Kas\u0131m\u2019da vizyona girecek. Yap\u0131mc\u0131l\u0131\u011f\u0131n\u0131 NuLook Production ad\u0131na Muzaffer Y\u0131ld\u0131r\u0131m\u2019\u0131n \u00fcstlendi\u011fi filmin senaryosunu Aziz Kedi, Feyyaz Yi\u011fit ve Mert Baykal birlikte kaleme ald\u0131. IMAX teknolojisiyle izleyiciyle bulu\u015facak filmde Haluk Bilginer [&hellip;]<\/p>\n","protected":false},"author":5,"featured_media":5658,"comment_status":"open","ping_status":"open","sticky":false,"template":"","format":"standard","meta":{"googlesitekit_rrm_CAowy76-DA:productID":"","footnotes":""},"categories":[69,194],"tags":[],"class_list":["post-5653","post","type-post","status-publish","format-standard","has-post-thumbnail","hentry","category-kultur-sanat","category-tum-haberler"],"_links":{"self":[{"href":"https:\/\/magazinstar.com\/index.php\/wp-json\/wp\/v2\/posts\/5653","targetHints":{"allow":["GET"]}}],"collection":[{"href":"https:\/\/magazinstar.com\/index.php\/wp-json\/wp\/v2\/posts"}],"about":[{"href":"https:\/\/magazinstar.com\/index.php\/wp-json\/wp\/v2\/types\/post"}],"author":[{"embeddable":true,"href":"https:\/\/magazinstar.com\/index.php\/wp-json\/wp\/v2\/users\/5"}],"replies":[{"embeddable":true,"href":"https:\/\/magazinstar.com\/index.php\/wp-json\/wp\/v2\/comments?post=5653"}],"version-history":[{"count":1,"href":"https:\/\/magazinstar.com\/index.php\/wp-json\/wp\/v2\/posts\/5653\/revisions"}],"predecessor-version":[{"id":5657,"href":"https:\/\/magazinstar.com\/index.php\/wp-json\/wp\/v2\/posts\/5653\/revisions\/5657"}],"wp:featuredmedia":[{"embeddable":true,"href":"https:\/\/magazinstar.com\/index.php\/wp-json\/wp\/v2\/media\/5658"}],"wp:attachment":[{"href":"https:\/\/magazinstar.com\/index.php\/wp-json\/wp\/v2\/media?parent=5653"}],"wp:term":[{"taxonomy":"category","embeddable":true,"href":"https:\/\/magazinstar.com\/index.php\/wp-json\/wp\/v2\/categories?post=5653"},{"taxonomy":"post_tag","embeddable":true,"href":"https:\/\/magazinstar.com\/index.php\/wp-json\/wp\/v2\/tags?post=5653"}],"curies":[{"name":"wp","href":"https:\/\/api.w.org\/{rel}","templated":true}]}}